{"id":40839,"date":"2026-09-04T20:25:16","date_gmt":"2026-09-04T23:25:16","guid":{"rendered":"https:\/\/afogadosonline.com.br\/?p=40839"},"modified":"2026-09-04T20:25:16","modified_gmt":"2026-09-04T23:25:16","slug":"raquel-lyra-e-joao-campos-concentram-agendas-no-interior-de-pernambuco-neste-fim-de-semana","status":"publish","type":"post","link":"https:\/\/afogadosonline.com.br\/index.php\/2026\/09\/04\/raquel-lyra-e-joao-campos-concentram-agendas-no-interior-de-pernambuco-neste-fim-de-semana\/","title":{"rendered":"Raquel Lyra e Jo\u00e3o Campos concentram agendas no interior de Pernambuco neste fim de semana"},"content":{"rendered":"<p><img fetchpriority=\"high\" decoding=\"async\" class=\"aligncenter\" src=\"https:\/\/www.diariodepernambuco.com.br\/_midias\/jpg\/2026\/09\/04\/1200x800\/1_candidatos_raquel_joao_pe-951864.jpg\" alt=\"Raquel Lyra (PSD) e Jo\u00e3o Campos (PSB) t\u00eam compromissos em diversas cidades do Agreste neste final de semana\/Fotos: Yacy Ribeiro e Marlon Diego\" width=\"635\" height=\"423\" \/><\/p>\n<p style=\"text-align: justify;\"><span style=\"font-size: 14pt;\">A um m\u00eas do primeiro turno das elei\u00e7\u00f5es, os dois principais candidatos ao Governo de Pernambuco v\u00e3o concentrar as agendas de campanha deste fim de semana no interior do estado. Raquel Lyra (PSD) e Jo\u00e3o Campos (PSB) cumprem uma sequ\u00eancia de compromissos fora da Regi\u00e3o Metropolitana do Recife neste s\u00e1bado (5), com passagens principalmente pelo Agreste.<\/span><\/p>\n<p style=\"text-align: justify;\"><span style=\"font-size: 14pt;\">A governadora e candidata \u00e0 reelei\u00e7\u00e3o ter\u00e1 uma agenda mais extensa, com quatro compromissos ao longo do dia. Raquel come\u00e7a por Garanhuns e depois segue para Quipap\u00e1, na Mata Sul.<\/span><\/p>\n<p style=\"text-align: justify;\"><span style=\"font-size: 14pt;\">Os compromissos refor\u00e7am a disputa dos dois candidatos pelo eleitorado do interior do estado; tanto Raquel quanto Jo\u00e3o t\u00eam ampliado as agendas fora do Grande Recife, combinando atos pr\u00f3prios com eventos ao lado de candidatos proporcionais e lideran\u00e7as pol\u00edticas locais.<\/span><\/p>\n<p style=\"text-align: justify;\"><span style=\"font-size: 14pt;\"><strong>Raquel faz giro pelo Agreste<\/strong><\/span><\/p>\n<p style=\"text-align: justify;\"><span style=\"font-size: 14pt;\">O primeiro compromisso de Raquel neste s\u00e1bado est\u00e1 marcado para as 10h, com uma caminhada em Garanhuns. A concentra\u00e7\u00e3o ser\u00e1 na Avenida Rui Barbosa, no bairro de Heli\u00f3polis.<\/span><\/p>\n<p style=\"text-align: justify;\"><span style=\"font-size: 14pt;\">\u00c0s 14h, a governadora segue para Quipap\u00e1, onde participa de um encontro pol\u00edtico com concentra\u00e7\u00e3o na Escola Tancredo de Almeida Neves.<\/span><\/p>\n<p style=\"text-align: justify;\"><span style=\"font-size: 14pt;\">A candidata retorna ao Agreste no fim da tarde. \u00c0s 18h, participa de uma caminhada em Feira Nova, com concentra\u00e7\u00e3o na PE-50. Uma hora depois, \u00e0s 19h, Raquel encerra a programa\u00e7\u00e3o com outra caminhada, desta vez no Centro de Limoeiro.<\/span><\/p>\n<p style=\"text-align: justify;\"><span style=\"font-size: 14pt;\"><strong>Jo\u00e3o participa de inaugura\u00e7\u00f5es de comit\u00eas<\/strong><\/span><\/p>\n<p style=\"text-align: justify;\"><span style=\"font-size: 14pt;\">Jo\u00e3o Campos inicia a agenda deste s\u00e1bado \u00e0s 13h40, em Toritama. O candidato participa da inaugura\u00e7\u00e3o do comit\u00ea de campanha da candidata a deputada estadual Helloysa Ferreira.<\/span><\/p>\n<p style=\"text-align: justify;\"><span style=\"font-size: 14pt;\">Depois, \u00e0s 17h, o socialista estar\u00e1 em Belo Jardim para a inaugura\u00e7\u00e3o do comit\u00ea do candidato a deputado federal Z\u00e9 Guri. O \u00faltimo compromisso est\u00e1 previsto para as 19h40, em Correntes. Jo\u00e3o participa de um com\u00edcio no Est\u00e1dio Governador Eduardo Campos.<\/span><\/p>\n<p style=\"text-align: justify;\"><span style=\"font-size: 14pt;\">No domingo, o candidato deve manter a campanha voltada para o interior, com compromissos previstos em S\u00e3o Joaquim do Monte, Gravat\u00e1 e Lajedo.<\/span><\/p>\n","protected":false},"excerpt":{"rendered":"<p>A um m&ecirc;s do primeiro turno das elei&ccedil;&otilde;es, os dois principais candidatos ao Governo de Pernambuco v&atilde;o concentrar as agendas de campanha deste fim de semana no interior do estado. Raquel Lyra (PSD) e Jo&atilde;o Campos (PSB) cumprem uma sequ&ecirc;ncia de compromissos fora da Regi&atilde;o Metropolitana do Recife neste s&aacute;bado (5), com passagens principalmente pelo &#8230; <a title=\"Raquel Lyra e Jo\u00e3o Campos concentram agendas no interior de Pernambuco neste fim de semana\" class=\"read-more\" href=\"https:\/\/afogadosonline.com.br\/index.php\/2026\/09\/04\/raquel-lyra-e-joao-campos-concentram-agendas-no-interior-de-pernambuco-neste-fim-de-semana\/\" aria-label=\"Read more about Raquel Lyra e Jo\u00e3o Campos concentram agendas no interior de Pernambuco neste fim de semana\">Ler mais<\/a><\/p>\n","protected":false},"author":2,"featured_media":0,"comment_status":"closed","ping_status":"closed","sticky":false,"template":"","format":"standard","meta":{"footnotes":""},"categories":[2],"tags":[],"class_list":["post-40839","post","type-post","status-publish","format-standard","hentry","category-uncategorised"],"_links":{"self":[{"href":"https:\/\/afogadosonline.com.br\/index.php\/wp-json\/wp\/v2\/posts\/40839"}],"collection":[{"href":"https:\/\/afogadosonline.com.br\/index.php\/wp-json\/wp\/v2\/posts"}],"about":[{"href":"https:\/\/afogadosonline.com.br\/index.php\/wp-json\/wp\/v2\/types\/post"}],"author":[{"embeddable":true,"href":"https:\/\/afogadosonline.com.br\/index.php\/wp-json\/wp\/v2\/users\/2"}],"replies":[{"embeddable":true,"href":"https:\/\/afogadosonline.com.br\/index.php\/wp-json\/wp\/v2\/comments?post=40839"}],"version-history":[{"count":1,"href":"https:\/\/afogadosonline.com.br\/index.php\/wp-json\/wp\/v2\/posts\/40839\/revisions"}],"predecessor-version":[{"id":40840,"href":"https:\/\/afogadosonline.com.br\/index.php\/wp-json\/wp\/v2\/posts\/40839\/revisions\/40840"}],"wp:attachment":[{"href":"https:\/\/afogadosonline.com.br\/index.php\/wp-json\/wp\/v2\/media?parent=40839"}],"wp:term":[{"taxonomy":"category","embeddable":true,"href":"https:\/\/afogadosonline.com.br\/index.php\/wp-json\/wp\/v2\/categories?post=40839"},{"taxonomy":"post_tag","embeddable":true,"href":"https:\/\/afogadosonline.com.br\/index.php\/wp-json\/wp\/v2\/tags?post=40839"}],"curies":[{"name":"wp","href":"https:\/\/api.w.org\/{rel}","templated":true}]}}