{"id":40837,"date":"2026-09-04T20:19:14","date_gmt":"2026-09-04T23:19:14","guid":{"rendered":"https:\/\/afogadosonline.com.br\/?p=40837"},"modified":"2026-09-04T20:19:14","modified_gmt":"2026-09-04T23:19:14","slug":"coligacao-de-joao-campos-apresenta-nova-denuncia-na-policia-federal","status":"publish","type":"post","link":"https:\/\/afogadosonline.com.br\/index.php\/2026\/09\/04\/coligacao-de-joao-campos-apresenta-nova-denuncia-na-policia-federal\/","title":{"rendered":"Coliga\u00e7\u00e3o de Jo\u00e3o Campos apresenta nova den\u00fancia na Pol\u00edcia Federal"},"content":{"rendered":"<p><img fetchpriority=\"high\" decoding=\"async\" class=\"aligncenter\" src=\"https:\/\/psb40.org.br\/wp-content\/uploads\/2024\/10\/joao-campos.jpeg\" alt=\"Jo\u00e3o Campos fala em \u201csenso de urg\u00eancia\u201d e defende retomada de investimentos  em Pernambuco - PSB 40\" width=\"637\" height=\"425\" \/><\/p>\n<p style=\"text-align: justify;\"><span style=\"font-size: 14pt;\">A Frente Popular de Pernambuco, coliga\u00e7\u00e3o do candidato ao Governo de Pernambuco, Jo\u00e3o Campos (PSB), apresentou, nesta sexta-feira (4), uma nova den\u00fancia junto \u00e0 Pol\u00edcia Federal. No processo, a defesa aponta a supress\u00e3o e altera\u00e7\u00e3o de informa\u00e7\u00f5es na p\u00e1gina e no perfil Bastidor.pe, manifestando preocupa\u00e7\u00e3o com a poss\u00edvel destrui\u00e7\u00e3o de provas durante as investiga\u00e7\u00f5es.<\/span><\/p>\n<p style=\"text-align: justify;\"><span style=\"font-size: 14pt;\">Segundo o corpo jur\u00eddico da coliga\u00e7\u00e3o, a exclus\u00e3o de postagens pode dificultar a identifica\u00e7\u00e3o da origem da fotografia, dos respons\u00e1veis pela divulga\u00e7\u00e3o dos cartazes ap\u00f3crifos, al\u00e9m do rastreamento de aparelhos, contas e endere\u00e7os de IP da postagem inicial.<\/span><\/p>\n<p style=\"text-align: justify;\"><span style=\"font-size: 14pt;\">Al\u00e9m disso, a Frente Popular argumenta que o perfil Bastidor.pe publicou a \u00fanica foto do panfleto que cita o marido da governadora Raquel Lyra (PDS). Seus tr\u00eas fundadores, segundo a coliga\u00e7\u00e3o, foram assessores comissionados da candidata \u00e0 reelei\u00e7\u00e3o, sendo um deles identificado como atual videomaker da campanha da gestora estadual.<\/span><\/p>\n<p style=\"text-align: justify;\"><span style=\"font-size: 14pt;\"><strong>Panfletos ap\u00f3crifos: o que se sabe at\u00e9 agora?<\/strong><\/span><\/p>\n<p style=\"text-align: justify;\"><span style=\"font-size: 14pt;\">O material, respons\u00e1vel por uma nova frente de disputa judicial entre as campanhas que concorrem ao Governo de Pernambuco, foi encontrado no Bairro do Recife no domingo (30) e passou a ser alvo de investiga\u00e7\u00f5es das pol\u00edcias e da Justi\u00e7a Eleitoral. Entre as pe\u00e7as, havia uma que fazia refer\u00eancia ao empres\u00e1rio Fernando Lucena, marido de Raquel, que morreu em 2022. Outros cartazes tamb\u00e9m associavam a imagem da governadora a figuras pol\u00edticas e personagens envolvidos em crimes.<\/span><\/p>\n<p style=\"text-align: justify;\"><span style=\"font-size: 14pt;\">At\u00e9 o momento, n\u00e3o h\u00e1 identifica\u00e7\u00e3o p\u00fablica de quem produziu e determinou a distribui\u00e7\u00e3o dos materiais. A Justi\u00e7a Eleitoral, inclusive, determinou a abertura de investiga\u00e7\u00e3o para tentar esclarecer a autoria.<\/span><\/p>\n<p style=\"text-align: justify;\"><span style=\"font-size: 14pt;\">A Pol\u00edcia Civil de Pernambuco confirmou a abertura de um inqu\u00e9rito para identificar os respons\u00e1veis pela produ\u00e7\u00e3o e distribui\u00e7\u00e3o do material. A investiga\u00e7\u00e3o \u00e9 coordenada pela 1\u00aa Delegacia Seccional de Santo Amaro, no Recife, e o caso foi inicialmente registrado como cal\u00fania.<\/span><\/p>\n<p style=\"text-align: justify;\"><span style=\"font-size: 14pt;\">Al\u00e9m disso, a PF dever\u00e1 buscar quem colocou os cartazes nas ruas e tamb\u00e9m a origem dos arquivos utilizados para produzi-los, eventual gr\u00e1fica ou equipamento de impress\u00e3o, financiamento, transporte, armazenamento e distribui\u00e7\u00e3o. A apura\u00e7\u00e3o ainda dever\u00e1 verificar se houve participa\u00e7\u00e3o de eventuais mandantes, financiadores ou benefici\u00e1rios.<\/span><\/p>\n","protected":false},"excerpt":{"rendered":"<p>A Frente Popular de Pernambuco, coliga&ccedil;&atilde;o do candidato ao Governo de Pernambuco, Jo&atilde;o Campos (PSB), apresentou, nesta sexta-feira (4), uma nova den&uacute;ncia junto &agrave; Pol&iacute;cia Federal. No processo, a defesa aponta a supress&atilde;o e altera&ccedil;&atilde;o de informa&ccedil;&otilde;es na p&aacute;gina e no perfil Bastidor.pe, manifestando preocupa&ccedil;&atilde;o com a poss&iacute;vel destrui&ccedil;&atilde;o de provas durante as investiga&ccedil;&otilde;es. Segundo &#8230; <a title=\"Coliga\u00e7\u00e3o de Jo\u00e3o Campos apresenta nova den\u00fancia na Pol\u00edcia Federal\" class=\"read-more\" href=\"https:\/\/afogadosonline.com.br\/index.php\/2026\/09\/04\/coligacao-de-joao-campos-apresenta-nova-denuncia-na-policia-federal\/\" aria-label=\"Read more about Coliga\u00e7\u00e3o de Jo\u00e3o Campos apresenta nova den\u00fancia na Pol\u00edcia Federal\">Ler mais<\/a><\/p>\n","protected":false},"author":2,"featured_media":0,"comment_status":"closed","ping_status":"closed","sticky":false,"template":"","format":"standard","meta":{"footnotes":""},"categories":[2],"tags":[],"class_list":["post-40837","post","type-post","status-publish","format-standard","hentry","category-uncategorised"],"_links":{"self":[{"href":"https:\/\/afogadosonline.com.br\/index.php\/wp-json\/wp\/v2\/posts\/40837"}],"collection":[{"href":"https:\/\/afogadosonline.com.br\/index.php\/wp-json\/wp\/v2\/posts"}],"about":[{"href":"https:\/\/afogadosonline.com.br\/index.php\/wp-json\/wp\/v2\/types\/post"}],"author":[{"embeddable":true,"href":"https:\/\/afogadosonline.com.br\/index.php\/wp-json\/wp\/v2\/users\/2"}],"replies":[{"embeddable":true,"href":"https:\/\/afogadosonline.com.br\/index.php\/wp-json\/wp\/v2\/comments?post=40837"}],"version-history":[{"count":1,"href":"https:\/\/afogadosonline.com.br\/index.php\/wp-json\/wp\/v2\/posts\/40837\/revisions"}],"predecessor-version":[{"id":40838,"href":"https:\/\/afogadosonline.com.br\/index.php\/wp-json\/wp\/v2\/posts\/40837\/revisions\/40838"}],"wp:attachment":[{"href":"https:\/\/afogadosonline.com.br\/index.php\/wp-json\/wp\/v2\/media?parent=40837"}],"wp:term":[{"taxonomy":"category","embeddable":true,"href":"https:\/\/afogadosonline.com.br\/index.php\/wp-json\/wp\/v2\/categories?post=40837"},{"taxonomy":"post_tag","embeddable":true,"href":"https:\/\/afogadosonline.com.br\/index.php\/wp-json\/wp\/v2\/tags?post=40837"}],"curies":[{"name":"wp","href":"https:\/\/api.w.org\/{rel}","templated":true}]}}