{"id":40833,"date":"2026-09-04T19:50:07","date_gmt":"2026-09-04T22:50:07","guid":{"rendered":"https:\/\/afogadosonline.com.br\/?p=40833"},"modified":"2026-09-04T19:50:07","modified_gmt":"2026-09-04T22:50:07","slug":"justica-da-10-dias-para-joao-campos-explicar-declaracoes-sobre-milicia-digital-apos-pedido-de-raquel-lyra","status":"publish","type":"post","link":"https:\/\/afogadosonline.com.br\/index.php\/2026\/09\/04\/justica-da-10-dias-para-joao-campos-explicar-declaracoes-sobre-milicia-digital-apos-pedido-de-raquel-lyra\/","title":{"rendered":"Justi\u00e7a d\u00e1 10 dias para Jo\u00e3o Campos explicar declara\u00e7\u00f5es sobre &#8220;mil\u00edcia digital&#8221; ap\u00f3s pedido de Raquel Lyra"},"content":{"rendered":"<p><img fetchpriority=\"high\" decoding=\"async\" class=\"aligncenter\" src=\"https:\/\/imagens.ne10.uol.com.br\/veiculos\/_midias\/jpg\/2026\/09\/04\/montagem_1__21_-37052040.jpg?ims=800x533\" alt=\"Raquel Lyra acionou a Justi\u00e7a ap\u00f3s declara\u00e7\u00e3o de Jo\u00e3o Campos sobre suposta &quot;mil\u00edcia digital&quot;\" width=\"639\" height=\"426\" \/><\/p>\n<p style=\"text-align: justify;\"><span style=\"font-size: 14pt;\">O Tribunal de Justi\u00e7a de Pernambuco (TJPE) determinou a notifica\u00e7\u00e3o de Jo\u00e3o Campos (PSB) para que, no prazo de dez dias, preste esclarecimentos sobre a declara\u00e7\u00e3o de que \u201cquem senta na cadeira para governar Pernambuco n\u00e3o pode estar coordenando uma mil\u00edcia digital\u201d, ap\u00f3s interpela\u00e7\u00e3o judicial apresentada pela governadora e candidata \u00e0 reelei\u00e7\u00e3o Raquel Lyra (PSD).<\/span><\/p>\n<p style=\"text-align: justify;\"><span style=\"font-size: 14pt;\">A decis\u00e3o foi proferida pela 16\u00aa Vara Criminal da Capital. A medida tem car\u00e1ter preparat\u00f3rio e n\u00e3o representa abertura de a\u00e7\u00e3o penal nem reconhecimento de que houve pr\u00e1tica de crime.<\/span><\/p>\n<p style=\"text-align: justify;\"><span style=\"font-size: 14pt;\">Na decis\u00e3o, a magistrada registra que a interpela\u00e7\u00e3o foi apresentada com fundamento no artigo 144 do C\u00f3digo Penal, dispositivo que permite a quem se considere atingido por refer\u00eancias, alus\u00f5es ou frases de car\u00e1ter amb\u00edguo ou equ\u00edvoco pedir explica\u00e7\u00f5es em ju\u00edzo.<\/span><\/p>\n<p style=\"text-align: justify;\"><span style=\"font-size: 14pt;\">Segundo o despacho, a peti\u00e7\u00e3o de Raquel cumpriu os requisitos formais para tramitar e a medida busca permitir que Jo\u00e3o, \u201cquerendo\u201d, esclare\u00e7a manifesta\u00e7\u00f5es que a governadora considera amb\u00edguas, equ\u00edvocas ou ofensivas.<\/span><\/p>\n<p style=\"text-align: justify;\"><span style=\"font-size: 14pt;\">\u201cIsto posto, notifique-se o interpelado, Jo\u00e3o Henrique de Andrade Lima Campos, para que, no prazo de 10 (dez) dias, preste, por escrito, as explica\u00e7\u00f5es que entender cab\u00edveis acerca dos fatos narrados na exordial\u201d, determinou a Justi\u00e7a.<\/span><\/p>\n<p style=\"text-align: justify;\"><span style=\"font-size: 14pt;\"><strong>Declara\u00e7\u00e3o de Jo\u00e3o motivou interpela\u00e7\u00e3o<\/strong><\/span><\/p>\n<p style=\"text-align: justify;\"><span style=\"font-size: 14pt;\">A a\u00e7\u00e3o foi apresentada depois de Jo\u00e3o afirmar, em meio \u00e0s acusa\u00e7\u00f5es sobre uma suposta rede de ataques digitais contra sua candidatura, que \u201cquem senta na cadeira para governar Pernambuco n\u00e3o pode estar coordenando uma mil\u00edcia digital\u201d.<\/span><\/p>\n<p style=\"text-align: justify;\"><span style=\"font-size: 14pt;\">O socialista n\u00e3o citou nominalmente Raquel na frase. A governadora, por\u00e9m, recorreu \u00e0 Justi\u00e7a para pedir que ele esclarecesse a quem se referia e qual seria o alcance da declara\u00e7\u00e3o.<\/span><\/p>\n<p style=\"text-align: justify;\"><span style=\"font-size: 14pt;\">Ao apresentar a interpela\u00e7\u00e3o, a defesa de Raquel sustentou que a formula\u00e7\u00e3o poderia ser entendida como uma refer\u00eancia \u00e0 chefe do Executivo estadual e buscou uma manifesta\u00e7\u00e3o direta de Jo\u00e3o sobre o destinat\u00e1rio da acusa\u00e7\u00e3o.<\/span><\/p>\n<p style=\"text-align: justify;\"><span style=\"font-size: 14pt;\">A interpela\u00e7\u00e3o judicial n\u00e3o tem, neste momento, objetivo de condenar Jo\u00e3o Campos ou reconhecer a ocorr\u00eancia de cal\u00fania.<\/span><\/p>\n<p style=\"text-align: justify;\"><span style=\"font-size: 14pt;\">A pr\u00f3pria decis\u00e3o classifica a medida como \u201cmeramente preparat\u00f3ria\u201d. Ap\u00f3s a notifica\u00e7\u00e3o, Jo\u00e3o poder\u00e1 apresentar as explica\u00e7\u00f5es por escrito dentro do prazo estabelecido. <\/span><\/p>\n<p style=\"text-align: right;\"><span style=\"font-size: 14pt;\">Do Jornal do Commercio<\/span><\/p>\n","protected":false},"excerpt":{"rendered":"<p>O Tribunal de Justi&ccedil;a de Pernambuco (TJPE) determinou a notifica&ccedil;&atilde;o de Jo&atilde;o Campos (PSB) para que, no prazo de dez dias, preste esclarecimentos sobre a declara&ccedil;&atilde;o de que &ldquo;quem senta na cadeira para governar Pernambuco n&atilde;o pode estar coordenando uma mil&iacute;cia digital&rdquo;, ap&oacute;s interpela&ccedil;&atilde;o judicial apresentada pela governadora e candidata &agrave; reelei&ccedil;&atilde;o Raquel Lyra (PSD). &#8230; <a title=\"Justi\u00e7a d\u00e1 10 dias para Jo\u00e3o Campos explicar declara\u00e7\u00f5es sobre &#8220;mil\u00edcia digital&#8221; ap\u00f3s pedido de Raquel Lyra\" class=\"read-more\" href=\"https:\/\/afogadosonline.com.br\/index.php\/2026\/09\/04\/justica-da-10-dias-para-joao-campos-explicar-declaracoes-sobre-milicia-digital-apos-pedido-de-raquel-lyra\/\" aria-label=\"Read more about Justi\u00e7a d\u00e1 10 dias para Jo\u00e3o Campos explicar declara\u00e7\u00f5es sobre &#8220;mil\u00edcia digital&#8221; ap\u00f3s pedido de Raquel Lyra\">Ler mais<\/a><\/p>\n","protected":false},"author":2,"featured_media":0,"comment_status":"closed","ping_status":"closed","sticky":false,"template":"","format":"standard","meta":{"footnotes":""},"categories":[2],"tags":[],"class_list":["post-40833","post","type-post","status-publish","format-standard","hentry","category-uncategorised"],"_links":{"self":[{"href":"https:\/\/afogadosonline.com.br\/index.php\/wp-json\/wp\/v2\/posts\/40833"}],"collection":[{"href":"https:\/\/afogadosonline.com.br\/index.php\/wp-json\/wp\/v2\/posts"}],"about":[{"href":"https:\/\/afogadosonline.com.br\/index.php\/wp-json\/wp\/v2\/types\/post"}],"author":[{"embeddable":true,"href":"https:\/\/afogadosonline.com.br\/index.php\/wp-json\/wp\/v2\/users\/2"}],"replies":[{"embeddable":true,"href":"https:\/\/afogadosonline.com.br\/index.php\/wp-json\/wp\/v2\/comments?post=40833"}],"version-history":[{"count":1,"href":"https:\/\/afogadosonline.com.br\/index.php\/wp-json\/wp\/v2\/posts\/40833\/revisions"}],"predecessor-version":[{"id":40834,"href":"https:\/\/afogadosonline.com.br\/index.php\/wp-json\/wp\/v2\/posts\/40833\/revisions\/40834"}],"wp:attachment":[{"href":"https:\/\/afogadosonline.com.br\/index.php\/wp-json\/wp\/v2\/media?parent=40833"}],"wp:term":[{"taxonomy":"category","embeddable":true,"href":"https:\/\/afogadosonline.com.br\/index.php\/wp-json\/wp\/v2\/categories?post=40833"},{"taxonomy":"post_tag","embeddable":true,"href":"https:\/\/afogadosonline.com.br\/index.php\/wp-json\/wp\/v2\/tags?post=40833"}],"curies":[{"name":"wp","href":"https:\/\/api.w.org\/{rel}","templated":true}]}}