{"id":40831,"date":"2026-09-04T19:42:32","date_gmt":"2026-09-04T22:42:32","guid":{"rendered":"https:\/\/afogadosonline.com.br\/?p=40831"},"modified":"2026-09-04T19:42:32","modified_gmt":"2026-09-04T22:42:32","slug":"justica-eleitoral-cassa-mandatos-da-prefeita-e-vice-de-areia-interior-da-paraiba-por-abuso-de-poder-economico","status":"publish","type":"post","link":"https:\/\/afogadosonline.com.br\/index.php\/2026\/09\/04\/justica-eleitoral-cassa-mandatos-da-prefeita-e-vice-de-areia-interior-da-paraiba-por-abuso-de-poder-economico\/","title":{"rendered":"Justi\u00e7a eleitoral cassa mandatos da prefeita e vice de Areia, interior da Para\u00edba, por abuso de poder econ\u00f4mico"},"content":{"rendered":"<p><img fetchpriority=\"high\" decoding=\"async\" class=\"aligncenter\" src=\"https:\/\/portalcorreio.com.br\/portalcorreio\/storage\/2026\/09\/78805a221a988e79ef3f42d7c5bfd418-30.png\" width=\"637\" height=\"476\" \/><\/p>\n<p style=\"text-align: justify;\"><span style=\"font-size: 14pt;\">A prefeita de Areia, S\u00edlvia Cunha Lima (MDB), e o vice-prefeito Luiz Francisco dos Santos Neto (Podemos), tiveram seus mandatos cassados pelo Tribunal Regional Eleitoral da Para\u00edba (TRE-PB), durante sess\u00e3o nesta sexta-feira (4).<\/span><\/p>\n<p style=\"text-align: justify;\"><span style=\"font-size: 14pt;\">Eles s\u00e3o acusados de abuso de poder pol\u00edtico e econ\u00f4mico nas elei\u00e7\u00f5es municipais de 2024 em um processo que investiga a distribui\u00e7\u00e3o irregular de cestas b\u00e1sicas dois dias antes das elei\u00e7\u00f5es, utilizando ve\u00edculos pertencentes \u00e0 prefeitura.<\/span><\/p>\n<p style=\"text-align: justify;\"><span style=\"font-size: 14pt;\">Os desembargadores eleitorais Rodrigo Clemente e Giovanna Castro acompanharam o voto do relator, Keops de Vasconcelos. Por outro lado Helena Delgado, Jo\u00e3o Benedito e Rodrigo Marques, divergiram do relator.<\/span><\/p>\n<p style=\"text-align: justify;\"><span style=\"font-size: 14pt;\">Como a vota\u00e7\u00e3o ficou empatada, o presidente da corte, M\u00e1rcio Murilo, em voto de minerva, decidiu pela cassa\u00e7\u00e3o dos mandatos.<\/span><\/p>\n<p style=\"text-align: justify;\"><span style=\"font-size: 14pt;\">A Justi\u00e7a Eleitoral ainda determinou a perda dos direitos pol\u00edticos por 8 anos e multa R$ 53.205,00. No entanto, os desembargaodres decidiram manter os direitos pol\u00edticos do vice-prefeito. A chapa ainda pode recorrer da decis\u00e3o.<\/span><\/p>\n","protected":false},"excerpt":{"rendered":"<p>A prefeita de Areia, S&iacute;lvia Cunha Lima (MDB), e o vice-prefeito Luiz Francisco dos Santos Neto (Podemos), tiveram seus mandatos cassados pelo Tribunal Regional Eleitoral da Para&iacute;ba (TRE-PB), durante sess&atilde;o nesta sexta-feira (4). Eles s&atilde;o acusados de abuso de poder pol&iacute;tico e econ&ocirc;mico nas elei&ccedil;&otilde;es municipais de 2024 em um processo que investiga a distribui&ccedil;&atilde;o &#8230; <a title=\"Justi\u00e7a eleitoral cassa mandatos da prefeita e vice de Areia, interior da Para\u00edba, por abuso de poder econ\u00f4mico\" class=\"read-more\" href=\"https:\/\/afogadosonline.com.br\/index.php\/2026\/09\/04\/justica-eleitoral-cassa-mandatos-da-prefeita-e-vice-de-areia-interior-da-paraiba-por-abuso-de-poder-economico\/\" aria-label=\"Read more about Justi\u00e7a eleitoral cassa mandatos da prefeita e vice de Areia, interior da Para\u00edba, por abuso de poder econ\u00f4mico\">Ler mais<\/a><\/p>\n","protected":false},"author":2,"featured_media":0,"comment_status":"closed","ping_status":"closed","sticky":false,"template":"","format":"standard","meta":{"footnotes":""},"categories":[2],"tags":[],"class_list":["post-40831","post","type-post","status-publish","format-standard","hentry","category-uncategorised"],"_links":{"self":[{"href":"https:\/\/afogadosonline.com.br\/index.php\/wp-json\/wp\/v2\/posts\/40831"}],"collection":[{"href":"https:\/\/afogadosonline.com.br\/index.php\/wp-json\/wp\/v2\/posts"}],"about":[{"href":"https:\/\/afogadosonline.com.br\/index.php\/wp-json\/wp\/v2\/types\/post"}],"author":[{"embeddable":true,"href":"https:\/\/afogadosonline.com.br\/index.php\/wp-json\/wp\/v2\/users\/2"}],"replies":[{"embeddable":true,"href":"https:\/\/afogadosonline.com.br\/index.php\/wp-json\/wp\/v2\/comments?post=40831"}],"version-history":[{"count":1,"href":"https:\/\/afogadosonline.com.br\/index.php\/wp-json\/wp\/v2\/posts\/40831\/revisions"}],"predecessor-version":[{"id":40832,"href":"https:\/\/afogadosonline.com.br\/index.php\/wp-json\/wp\/v2\/posts\/40831\/revisions\/40832"}],"wp:attachment":[{"href":"https:\/\/afogadosonline.com.br\/index.php\/wp-json\/wp\/v2\/media?parent=40831"}],"wp:term":[{"taxonomy":"category","embeddable":true,"href":"https:\/\/afogadosonline.com.br\/index.php\/wp-json\/wp\/v2\/categories?post=40831"},{"taxonomy":"post_tag","embeddable":true,"href":"https:\/\/afogadosonline.com.br\/index.php\/wp-json\/wp\/v2\/tags?post=40831"}],"curies":[{"name":"wp","href":"https:\/\/api.w.org\/{rel}","templated":true}]}}