{"id":40823,"date":"2026-09-03T16:39:14","date_gmt":"2026-09-03T19:39:14","guid":{"rendered":"https:\/\/afogadosonline.com.br\/?p=40823"},"modified":"2026-09-03T16:39:14","modified_gmt":"2026-09-03T19:39:14","slug":"operacao-independencia-prf-reforca-fiscalizacao-contra-embriaguez-ao-volante-em-pernambuco","status":"publish","type":"post","link":"https:\/\/afogadosonline.com.br\/index.php\/2026\/09\/03\/operacao-independencia-prf-reforca-fiscalizacao-contra-embriaguez-ao-volante-em-pernambuco\/","title":{"rendered":"Opera\u00e7\u00e3o Independ\u00eancia: PRF refor\u00e7a fiscaliza\u00e7\u00e3o contra embriaguez ao volante em Pernambuco"},"content":{"rendered":"<p><img fetchpriority=\"high\" decoding=\"async\" class=\"aligncenter\" src=\"https:\/\/imagens.ne10.uol.com.br\/veiculos\/_midias\/jpg\/2026\/09\/03\/whatsapp_image_2026_09_03_at_15_03_35-37047786.jpeg?6a99c96ca195d?ims=800x533\" alt=\"Opera\u00e7\u00e3o Independ\u00eancia 2026\" width=\"639\" height=\"470\" \/><\/p>\n<p style=\"text-align: justify;\"><span style=\"font-size: 14pt;\">A Pol\u00edcia Rodovi\u00e1ria Federal (PRF) inicia, \u00e0 zero hora desta sexta-feira (4), a Opera\u00e7\u00e3o Independ\u00eancia 2026 em Pernambuco. A a\u00e7\u00e3o segue at\u00e9 a segunda-feira (7) e contar\u00e1 com refor\u00e7o na fiscaliza\u00e7\u00e3o e no combate ao crime nas rodovias federais, com aten\u00e7\u00e3o especial \u00e0 preven\u00e7\u00e3o e \u00e0 repress\u00e3o da embriaguez ao volante.<\/span><\/p>\n<p style=\"text-align: justify;\"><span style=\"font-size: 14pt;\">Durante o feriado, a expectativa \u00e9 de aumento no fluxo de ve\u00edculos, principalmente nas BRs 101 Norte e Sul, que d\u00e3o acesso ao litoral pernambucano. As BRs 232, 407 e 428, que ligam a capital ao Agreste e ao Sert\u00e3o, tamb\u00e9m devem registrar maior movimenta\u00e7\u00e3o.<\/span><\/p>\n<p style=\"text-align: justify;\"><span style=\"font-size: 14pt;\">Entre janeiro e julho deste ano, a ingest\u00e3o de \u00e1lcool por condutores esteve relacionada \u00e0 causa de 77 sinistros nas rodovias federais de Pernambuco. As ocorr\u00eancias deixaram 82 pessoas feridas e nove morreram. No mesmo per\u00edodo de 2025, foram registrados 65 sinistros relacionados ao consumo de \u00e1lcool, com 67 feridos e quatro mortes.<\/span><\/p>\n<p style=\"text-align: justify;\"><span style=\"font-size: 14pt;\">Al\u00e9m da fiscaliza\u00e7\u00e3o, a opera\u00e7\u00e3o busca conscientizar os motoristas sobre os riscos da combina\u00e7\u00e3o entre \u00e1lcool e dire\u00e7\u00e3o. O consumo da subst\u00e2ncia pode comprometer a capacidade de rea\u00e7\u00e3o e aumentar a gravidade dos acidentes.<\/span><\/p>\n<p style=\"text-align: justify;\"><span style=\"font-size: 14pt;\"><strong>Penalidades<\/strong><\/span><\/p>\n<p style=\"text-align: justify;\"><span style=\"font-size: 14pt;\">Dirigir sob influ\u00eancia de \u00e1lcool \u00e9 considerado infra\u00e7\u00e3o grav\u00edssima pelo C\u00f3digo de Tr\u00e2nsito Brasileiro (CTB). A conduta resulta em multa de R$ 2.934,70, sete pontos na Carteira Nacional de Habilita\u00e7\u00e3o (CNH) e suspens\u00e3o do direito de dirigir por 12 meses. Dependendo da concentra\u00e7\u00e3o de \u00e1lcool identificada, o condutor tamb\u00e9m pode responder criminalmente e ser preso.<\/span><\/p>\n<p style=\"text-align: justify;\"><span style=\"font-size: 14pt;\">Os registros de infra\u00e7\u00f5es relacionadas \u00e0 alcoolemia tamb\u00e9m aumentaram nos primeiros sete meses de 2026. No per\u00edodo, a PRF realizou 108.562 testes com etil\u00f4metro, que resultaram em 1.079 autua\u00e7\u00f5es. Desse total, 979 ocorreram por recusa ao teste e 100 por constata\u00e7\u00e3o de \u00e1lcool. Ao todo, 75 motoristas foram presos por dirigir sob efeito de \u00e1lcool.<\/span><\/p>\n<p style=\"text-align: justify;\"><span style=\"font-size: 14pt;\">Em 2025, foram realizados 104.804 testes, com 985 autua\u00e7\u00f5es, 882 por recusa e 103 por constata\u00e7\u00e3o, e 65 pris\u00f5es.<\/span><\/p>\n","protected":false},"excerpt":{"rendered":"<p>A Pol&iacute;cia Rodovi&aacute;ria Federal (PRF) inicia, &agrave; zero hora desta sexta-feira (4), a Opera&ccedil;&atilde;o Independ&ecirc;ncia 2026 em Pernambuco. A a&ccedil;&atilde;o segue at&eacute; a segunda-feira (7) e contar&aacute; com refor&ccedil;o na fiscaliza&ccedil;&atilde;o e no combate ao crime nas rodovias federais, com aten&ccedil;&atilde;o especial &agrave; preven&ccedil;&atilde;o e &agrave; repress&atilde;o da embriaguez ao volante. Durante o feriado, a &#8230; <a title=\"Opera\u00e7\u00e3o Independ\u00eancia: PRF refor\u00e7a fiscaliza\u00e7\u00e3o contra embriaguez ao volante em Pernambuco\" class=\"read-more\" href=\"https:\/\/afogadosonline.com.br\/index.php\/2026\/09\/03\/operacao-independencia-prf-reforca-fiscalizacao-contra-embriaguez-ao-volante-em-pernambuco\/\" aria-label=\"Read more about Opera\u00e7\u00e3o Independ\u00eancia: PRF refor\u00e7a fiscaliza\u00e7\u00e3o contra embriaguez ao volante em Pernambuco\">Ler mais<\/a><\/p>\n","protected":false},"author":2,"featured_media":0,"comment_status":"closed","ping_status":"closed","sticky":false,"template":"","format":"standard","meta":{"footnotes":""},"categories":[2],"tags":[],"class_list":["post-40823","post","type-post","status-publish","format-standard","hentry","category-uncategorised"],"_links":{"self":[{"href":"https:\/\/afogadosonline.com.br\/index.php\/wp-json\/wp\/v2\/posts\/40823"}],"collection":[{"href":"https:\/\/afogadosonline.com.br\/index.php\/wp-json\/wp\/v2\/posts"}],"about":[{"href":"https:\/\/afogadosonline.com.br\/index.php\/wp-json\/wp\/v2\/types\/post"}],"author":[{"embeddable":true,"href":"https:\/\/afogadosonline.com.br\/index.php\/wp-json\/wp\/v2\/users\/2"}],"replies":[{"embeddable":true,"href":"https:\/\/afogadosonline.com.br\/index.php\/wp-json\/wp\/v2\/comments?post=40823"}],"version-history":[{"count":1,"href":"https:\/\/afogadosonline.com.br\/index.php\/wp-json\/wp\/v2\/posts\/40823\/revisions"}],"predecessor-version":[{"id":40824,"href":"https:\/\/afogadosonline.com.br\/index.php\/wp-json\/wp\/v2\/posts\/40823\/revisions\/40824"}],"wp:attachment":[{"href":"https:\/\/afogadosonline.com.br\/index.php\/wp-json\/wp\/v2\/media?parent=40823"}],"wp:term":[{"taxonomy":"category","embeddable":true,"href":"https:\/\/afogadosonline.com.br\/index.php\/wp-json\/wp\/v2\/categories?post=40823"},{"taxonomy":"post_tag","embeddable":true,"href":"https:\/\/afogadosonline.com.br\/index.php\/wp-json\/wp\/v2\/tags?post=40823"}],"curies":[{"name":"wp","href":"https:\/\/api.w.org\/{rel}","templated":true}]}}