{"id":40821,"date":"2026-09-03T15:53:26","date_gmt":"2026-09-03T18:53:26","guid":{"rendered":"https:\/\/afogadosonline.com.br\/?p=40821"},"modified":"2026-09-03T15:53:26","modified_gmt":"2026-09-03T18:53:26","slug":"raquel-lyra-defende-apuracao-de-fatos-envolvendo-moraes-e-diz-que-qualquer-nome-e-menor-que-a-instituicao","status":"publish","type":"post","link":"https:\/\/afogadosonline.com.br\/index.php\/2026\/09\/03\/raquel-lyra-defende-apuracao-de-fatos-envolvendo-moraes-e-diz-que-qualquer-nome-e-menor-que-a-instituicao\/","title":{"rendered":"Raquel Lyra defende apura\u00e7\u00e3o de fatos envolvendo Moraes e diz que &#8220;qualquer nome \u00e9 menor que a institui\u00e7\u00e3o&#8221;"},"content":{"rendered":"<p style=\"text-align: justify;\"><span style=\"font-size: 14pt;\"><img fetchpriority=\"high\" decoding=\"async\" class=\"alignleft\" src=\"https:\/\/encrypted-tbn0.gstatic.com\/images?q=tbn:ANd9GcQAvuX5shfxsZKEXEjBIHVgc29kboy-kcdVcHv-A21VwQ&amp;s=10\" alt=\"Na sabatina do UOL e da Folha de S.Paulo, falei sobre uma convic\u00e7\u00e3o que orienta meu jeito de fazer pol\u00edtica: quem precisa do poder p\u00fablico n\u00e3o tem partido. A crian\u00e7a que precisa de creche n\u00e3o tem ...\" width=\"254\" height=\"453\" \/>A governadora de Pernambuco e candidata \u00e0 reelei\u00e7\u00e3o pelo PSD, Raquel Lyra participou nesta quinta-feira (3) da sabatina promovida pela Folha de S.Paulo e pelo UOL. Ao longo da entrevista, tratou da crise envolvendo o Supremo Tribunal Federal, defendeu maior participa\u00e7\u00e3o de mulheres na pol\u00edtica e respondeu a quest\u00f5es sobre seguran\u00e7a p\u00fablica, viol\u00eancia de g\u00eanero e a\u00e7\u00f5es de seu governo.<\/span><\/p>\n<p style=\"text-align: justify;\"><span style=\"font-size: 14pt;\">Tamb\u00e9m voltou a comentar os cartazes ap\u00f3crifos que circularam no Recife durante o fim de semana passado e a investiga\u00e7\u00e3o sobre uma suposta rede de perfis que, segundo ela, atua contra sua candidatura. Na \u00e1rea de gest\u00e3o, falou ainda sobre creches, metr\u00f4 e apostas esportivas.<\/span><\/p>\n<p style=\"text-align: justify;\"><span style=\"font-size: 14pt;\">Questionada sobre as mensagens envolvendo o ministro Alexandre de Moraes e o banqueiro Daniel Vorcaro, dono do Banco Master, Raquel Lyra disse considerar necess\u00e1rio que os fatos sejam esclarecidos e que eventuais respons\u00e1veis sejam responsabilizados.<\/span><\/p>\n<p style=\"text-align: justify;\"><span style=\"font-size: 14pt;\">O Caso Master voltou ao debate pol\u00edtico ap\u00f3s a divulga\u00e7\u00e3o de mensagens e outros elementos extra\u00eddos do celular de Vorcaro que apontaram contatos e intera\u00e7\u00f5es com Moraes. Os fatos passaram a gerar questionamentos e pedidos por esclarecimentos, sem que os elementos divulgados representem, por si s\u00f3, comprova\u00e7\u00e3o de irregularidades.<\/span><\/p>\n<p style=\"text-align: justify;\"><span style=\"font-size: 14pt;\">\u201cEu vejo com preocupa\u00e7\u00e3o o que tem acontecido no nosso pa\u00eds\u201d, afirmou Raquel. Para a governadora, \u201cqualquer nome \u00e9 menor do que a institui\u00e7\u00e3o que representa\u201d. Ela tamb\u00e9m defendeu que ningu\u00e9m esteja acima da lei e que os fatos n\u00e3o sejam \u201ccolocados para debaixo do tapete\u201d.<\/span><\/p>\n<p style=\"text-align: justify;\"><span style=\"font-size: 14pt;\">Sobre a possibilidade de impeachment de Moraes, defendida por Carlos Viana, senador de seu partido, a Chefe do Executivo estadual evitou um posicionamento definitivo. \u201cEsse assunto n\u00e3o compete a mim. Sou governadora de Pernambuco, estou no meio de um processo eleitoral\u201d, afirmou. Para ela, \u201ca Constitui\u00e7\u00e3o tem que prevalecer\u201d e os fatos precisam ser \u201crevelados e esclarecidos\u201d.<\/span><\/p>\n<p style=\"text-align: justify;\"><span style=\"font-size: 14pt;\"><strong>Mulheres na pol\u00edtica<\/strong><\/span><\/p>\n<p style=\"text-align: justify;\"><span style=\"font-size: 14pt;\">A participa\u00e7\u00e3o feminina na pol\u00edtica foi um dos temas tratados na entrevista. Raquel lembrou que o Brasil tem atualmente apenas duas mulheres no comando de governos estaduais \u2013 ela, em Pernambuco, e F\u00e1tima Bezerra (PT), no Rio Grande do Norte \u2013 e defendeu a manuten\u00e7\u00e3o e o avan\u00e7o das cotas para candidaturas femininas.<\/span><\/p>\n<p style=\"text-align: justify;\"><span style=\"font-size: 14pt;\">\u201cSomos apenas duas mulheres governadoras do Brasil. Eu sou e sempre fui favor\u00e1vel a cotas\u201d, afirmou. A governadora lembrou sua passagem pela Assembleia Legislativa de Pernambuco (Alepe) e disse que precisou de uma emenda constitucional para garantir a presen\u00e7a de uma mulher na Mesa Diretora. Segundo ela, a participa\u00e7\u00e3o s\u00f3 foi assegurada no \u00faltimo dia de seu mandato como deputada estadual.<\/span><\/p>\n<p style=\"text-align: justify;\"><span style=\"font-size: 14pt;\">A gestora comparou a representa\u00e7\u00e3o feminina no Brasil com a de outros pa\u00edses e criticou o ritmo de avan\u00e7o no pa\u00eds. Citou M\u00e9xico e Paquist\u00e3o como exemplos de maior presen\u00e7a de mulheres na pol\u00edtica e afirmou que as mulheres ocupam atualmente cerca de 18% das cadeiras do Congresso Nacional. Para ela, \u00e9 necess\u00e1rio um \u201cavan\u00e7o permanente\u201d das pol\u00edticas de incentivo \u00e0s candidaturas femininas.<\/span><\/p>\n<p style=\"text-align: justify;\"><span style=\"font-size: 14pt;\">A governadora tamb\u00e9m citou decis\u00e3o do ministro Fl\u00e1vio Dino, do STF, relacionada ao reconhecimento da viol\u00eancia pol\u00edtica de g\u00eanero no \u00e2mbito da Lei Maria da Penha. Ao relacionar o tema \u00e0 pr\u00f3pria trajet\u00f3ria, mencionou os pedidos de impeachment e uma CPI que enfrentou durante seu mandato como governadora. \u201cTodo o tempo os homens tentam voltar para o comando\u201d, afirmou.<\/span><\/p>\n<p style=\"text-align: justify;\"><span style=\"font-size: 14pt;\"><strong>Cartazes e ataques na campanha<\/strong><\/span><\/p>\n<p style=\"text-align: justify;\"><span style=\"font-size: 14pt;\">Os cartazes ap\u00f3crifos que circularam no Recife no \u00faltimo fim de semana tamb\u00e9m foram mencionados na sabatina. As pe\u00e7as fizeram refer\u00eancia \u00e0 morte do marido de Raquel e, posteriormente, passaram a ser associadas \u00e0 pr\u00f3pria governadora, que negou qualquer participa\u00e7\u00e3o na produ\u00e7\u00e3o ou divulga\u00e7\u00e3o do material.<\/span><\/p>\n<p style=\"text-align: justify;\"><span style=\"font-size: 14pt;\">Raquel classificou o epis\u00f3dio como \u201calgo abomin\u00e1vel\u201d e afirmou que o caso foi levado \u00e0 Pol\u00edcia Civil, \u00e0 Pol\u00edcia Federal e ao Minist\u00e9rio P\u00fablico Eleitoral, que abriu investiga\u00e7\u00e3o. Para ela, o epis\u00f3dio ultrapassa a disputa eleitoral e se insere em um cen\u00e1rio de viol\u00eancia pol\u00edtica contra mulheres.<\/span><\/p>\n<p style=\"text-align: justify;\"><span style=\"font-size: 14pt;\">\u201cIsso \u00e9 tentar colocar uma cortina de fuma\u00e7a\u201d, afirmou. A governadora tamb\u00e9m disse que n\u00e3o aceita que o marido ou os filhos sejam colocados no centro do debate eleitoral. \u201cEu encerro isso deixando na m\u00e3o da Pol\u00edcia Federal.\u201d<\/span><\/p>\n<p style=\"text-align: justify;\"><span style=\"font-size: 14pt;\">Sobre a exist\u00eancia de um suposto \u201cgabinete do \u00f3dio\u201d ligado ao seu governo, a governadora disse que sua campanha apresentou, ainda em fevereiro, den\u00fancias \u00e0 Justi\u00e7a Eleitoral sobre uma rede de mais de 40 perfis e mais de 500 contas automatizadas que, segundo ela, seriam pr\u00f3ximas do principal advers\u00e1rio, Jo\u00e3o Campos (PSB).<\/span><\/p>\n<p style=\"text-align: justify;\"><span style=\"font-size: 14pt;\">A governadora n\u00e3o apresentou, durante a sabatina, provas p\u00fablicas que comprovassem a liga\u00e7\u00e3o das contas com o candidato. Tamb\u00e9m negou comandar qualquer estrutura de ataques nas redes. \u201cQuem estiver passando do limite vai ter que responder na Justi\u00e7a. Eu n\u00e3o escondo problema, eu coloco luz sobre ele&#8221;, afirmou.<\/span><\/p>\n<p style=\"text-align: justify;\"><span style=\"font-size: 14pt;\"><strong>Seguran\u00e7a p\u00fablica<\/strong><\/span><\/p>\n<p style=\"text-align: justify;\"><span style=\"font-size: 14pt;\">A seguran\u00e7a p\u00fablica ocupou parte significativa da entrevista. Ao ser questionada sobre os \u00edndices de viol\u00eancia contra a mulher, Raquel contestou os dados apresentados pelos entrevistadores e afirmou que Pernambuco registra, em 2026, redu\u00e7\u00e3o nos feminic\u00eddios e os melhores oito primeiros meses da s\u00e9rie hist\u00f3rica em crimes contra a vida.<\/span><\/p>\n<p style=\"text-align: justify;\"><span style=\"font-size: 14pt;\">A discuss\u00e3o ocorre ap\u00f3s 2025 registrar aumento da letalidade policial e de indicadores de viol\u00eancia no Estado. Durante a sabatina, a governadora reconheceu a alta registrada no ano passado e citou a\u00e7\u00f5es do programa Juntos pela Seguran\u00e7a, com mais de R$ 2 bilh\u00f5es em investimentos e a contrata\u00e7\u00e3o de cerca de 8 mil profissionais.<\/span><\/p>\n<p style=\"text-align: justify;\"><span style=\"font-size: 14pt;\">Sobre o aumento de aproximadamente 30% na letalidade provocada por agentes de seguran\u00e7a em 2025, a pessedista pontuou que a forma\u00e7\u00e3o continuada dos policiais \u00e9 uma das principais medidas para enfrentar o problema e mencionou a atua\u00e7\u00e3o da corregedoria.<\/span><\/p>\n<p style=\"text-align: justify;\"><span style=\"font-size: 14pt;\">Em rela\u00e7\u00e3o \u00e0s c\u00e2meras corporais, disse ter cobrado do secret\u00e1rio de Defesa Social (Alessandro Carvalho) o avan\u00e7o da compra dos equipamentos.<\/span><\/p>\n<p style=\"text-align: justify;\"><span style=\"font-size: 14pt;\">Segundo ela, o processo est\u00e1 na fase final do termo de refer\u00eancia e conta com R$ 24 milh\u00f5es em recursos federais. Al\u00e9m disso, a gestora ressaltou que Pernambuco deixou uma das \u00faltimas posi\u00e7\u00f5es e passou \u00e0 terceira coloca\u00e7\u00e3o na execu\u00e7\u00e3o de recursos do Fundo Nacional de Seguran\u00e7a P\u00fablica.<\/span><\/p>\n<p style=\"text-align: justify;\"><span style=\"font-size: 14pt;\"><strong>Creches e metr\u00f4<\/strong><\/span><\/p>\n<p style=\"text-align: justify;\"><span style=\"font-size: 14pt;\">Na \u00e1rea de educa\u00e7\u00e3o, a governadora foi questionada sobre a promessa de constru\u00e7\u00e3o de 250 creches feita durante a campanha anterior. Reconheceu que apenas 12 ou 13 unidades foram entregues at\u00e9 agora, mas afirmou que o governo destinou quase R$ 2 bilh\u00f5es ao programa.<\/span><\/p>\n<p style=\"text-align: justify;\"><span style=\"font-size: 14pt;\">A promessa apresentada durante a sabatina foi de entregar 100 creches at\u00e9 o fim deste ano e concluir as 250 unidades at\u00e9 meados de 2027. Ela tamb\u00e9m citou os resultados de Pernambuco na alfabetiza\u00e7\u00e3o na idade certa, afirmando que o Estado alcan\u00e7ou \u00edndice de 64% e est\u00e1 entre os cinco que mais avan\u00e7aram no pa\u00eds.<\/span><\/p>\n<p style=\"text-align: justify;\"><span style=\"font-size: 14pt;\">Sobre o metr\u00f4 do Recife, a governadora afirmou querer manter a gest\u00e3o estadual do sistema, apesar da necessidade estimada de mais de R$ 6 bilh\u00f5es em investimentos. A solu\u00e7\u00e3o defendida por ela \u00e9 a participa\u00e7\u00e3o da iniciativa privada por meio de concess\u00e3o. \u201cEu quero ser parte da solu\u00e7\u00e3o\u201d, afirmou.<\/span><\/p>\n<p style=\"text-align: justify;\"><span style=\"font-size: 14pt;\">Em respostas r\u00e1pidas ao longo da entrevista, Lyra tamb\u00e9m se declarou favor\u00e1vel ao uso de c\u00e2meras corporais, contr\u00e1ria ao voto impresso e \u201cradicalmente contra\u201d as bets. Sobre as apostas, disse considerar a regulamenta\u00e7\u00e3o e o combate a esse mercado especialmente importantes diante da rela\u00e7\u00e3o que, segundo ela, existe com o crime organizado e os problemas de sa\u00fade provocados pelo jogo.<\/span><\/p>\n<p style=\"text-align: justify;\"><span style=\"font-size: 14pt;\"><strong>Guia eleitoral<\/strong><\/span><\/p>\n<p style=\"text-align: justify;\"><span style=\"font-size: 14pt;\">A governadora tamb\u00e9m comentou o v\u00eddeo em que aparece em sil\u00eancio antes de falar, cena que abriu seu guia eleitoral e repercutiu nacionalmente.<\/span><\/p>\n<p style=\"text-align: justify;\"><span style=\"font-size: 14pt;\">Disse que n\u00e3o foi um gesto programado, aconteceu ao fim de quatro horas de uma sabatina interna com sua equipe, quando pediram que ela respirasse e gravasse uma mensagem para Pernambuco.<\/span><\/p>\n<p style=\"text-align: justify;\"><span style=\"font-size: 14pt;\">Segundo ela, nem sabia que estava sendo filmada naquele momento. &#8220;Eu n\u00e3o sabia nem que estava sendo gravado. Eu respirei, respirei, e imaginei que nunca aquilo ia ser a abertura do guia. E foi&#8221;, afirmou.<\/span><\/p>\n","protected":false},"excerpt":{"rendered":"<p>A governadora de Pernambuco e candidata &agrave; reelei&ccedil;&atilde;o pelo PSD, Raquel Lyra participou nesta quinta-feira (3) da sabatina promovida pela Folha de S.Paulo e pelo UOL. Ao longo da entrevista, tratou da crise envolvendo o Supremo Tribunal Federal, defendeu maior participa&ccedil;&atilde;o de mulheres na pol&iacute;tica e respondeu a quest&otilde;es sobre seguran&ccedil;a p&uacute;blica, viol&ecirc;ncia de g&ecirc;nero &#8230; <a title=\"Raquel Lyra defende apura\u00e7\u00e3o de fatos envolvendo Moraes e diz que &#8220;qualquer nome \u00e9 menor que a institui\u00e7\u00e3o&#8221;\" class=\"read-more\" href=\"https:\/\/afogadosonline.com.br\/index.php\/2026\/09\/03\/raquel-lyra-defende-apuracao-de-fatos-envolvendo-moraes-e-diz-que-qualquer-nome-e-menor-que-a-instituicao\/\" aria-label=\"Read more about Raquel Lyra defende apura\u00e7\u00e3o de fatos envolvendo Moraes e diz que &#8220;qualquer nome \u00e9 menor que a institui\u00e7\u00e3o&#8221;\">Ler mais<\/a><\/p>\n","protected":false},"author":2,"featured_media":0,"comment_status":"closed","ping_status":"closed","sticky":false,"template":"","format":"standard","meta":{"footnotes":""},"categories":[2],"tags":[],"class_list":["post-40821","post","type-post","status-publish","format-standard","hentry","category-uncategorised"],"_links":{"self":[{"href":"https:\/\/afogadosonline.com.br\/index.php\/wp-json\/wp\/v2\/posts\/40821"}],"collection":[{"href":"https:\/\/afogadosonline.com.br\/index.php\/wp-json\/wp\/v2\/posts"}],"about":[{"href":"https:\/\/afogadosonline.com.br\/index.php\/wp-json\/wp\/v2\/types\/post"}],"author":[{"embeddable":true,"href":"https:\/\/afogadosonline.com.br\/index.php\/wp-json\/wp\/v2\/users\/2"}],"replies":[{"embeddable":true,"href":"https:\/\/afogadosonline.com.br\/index.php\/wp-json\/wp\/v2\/comments?post=40821"}],"version-history":[{"count":1,"href":"https:\/\/afogadosonline.com.br\/index.php\/wp-json\/wp\/v2\/posts\/40821\/revisions"}],"predecessor-version":[{"id":40822,"href":"https:\/\/afogadosonline.com.br\/index.php\/wp-json\/wp\/v2\/posts\/40821\/revisions\/40822"}],"wp:attachment":[{"href":"https:\/\/afogadosonline.com.br\/index.php\/wp-json\/wp\/v2\/media?parent=40821"}],"wp:term":[{"taxonomy":"category","embeddable":true,"href":"https:\/\/afogadosonline.com.br\/index.php\/wp-json\/wp\/v2\/categories?post=40821"},{"taxonomy":"post_tag","embeddable":true,"href":"https:\/\/afogadosonline.com.br\/index.php\/wp-json\/wp\/v2\/tags?post=40821"}],"curies":[{"name":"wp","href":"https:\/\/api.w.org\/{rel}","templated":true}]}}