{"id":40816,"date":"2026-09-02T16:04:06","date_gmt":"2026-09-02T19:04:06","guid":{"rendered":"https:\/\/afogadosonline.com.br\/?p=40816"},"modified":"2026-09-02T16:04:06","modified_gmt":"2026-09-02T19:04:06","slug":"raquel-diz-que-grupo-de-joao-campos-atrapalhou-o-tempo-inteiro-seu-governo","status":"publish","type":"post","link":"https:\/\/afogadosonline.com.br\/index.php\/2026\/09\/02\/raquel-diz-que-grupo-de-joao-campos-atrapalhou-o-tempo-inteiro-seu-governo\/","title":{"rendered":"Raquel diz que grupo de Jo\u00e3o Campos &#8220;atrapalhou o tempo inteiro&#8221; seu governo"},"content":{"rendered":"<p><img fetchpriority=\"high\" decoding=\"async\" class=\"aligncenter\" src=\"https:\/\/cdn.folhape.com.br\/img\/pc\/1100\/1\/dn_arquivo\/2026\/09\/whatsapp-image-2026-09-02-at-111225.jpg\" alt=\"Raquel Lyra na sabatina da R\u00e1dio Folha\" width=\"638\" height=\"460\" \/><\/p>\n<p style=\"text-align: justify;\"><span style=\"font-size: 14pt;\">A candidata \u00e0 reelei\u00e7\u00e3o, Raquel Lyra (PSD), criticou, nesta quarta-feira (2), o grupo pol\u00edtico do prefeito do Recife e candidato ao Governo de Pernambuco, Jo\u00e3o Campos (PSB), durante sabatina na R\u00e1dio Folha PE. Ao comentar a rela\u00e7\u00e3o com o governo do presidente Lula (PT), a governadora de Pernambuco apontou que os dizem que pretendem fazer parceria com o presidente atuaram, ao longo de sua gest\u00e3o, para dificultar a\u00e7\u00f5es do Estado.<\/span><\/p>\n<p style=\"text-align: justify;\"><span style=\"font-size: 14pt;\">\u201cQuem t\u00e1 dizendo hoje que vai fazer parceria com o presidente Lula atrapalhou o tempo inteiro, n\u00e3o queria que as coisas acontecessem aqui, travava as coisas acontecendo aqui. Ir para banco p\u00fablico para evitar que a gente pegasse empr\u00e9stimo? Travar na Assembleia Legislativa projetos importantes, travar o or\u00e7amento. A quem serve travar o or\u00e7amento? A mim? A Pernambuco\u201d, disse afirmando que as a\u00e7\u00f5es n\u00e3o prejudicaram sua gest\u00e3o, mas o pr\u00f3prio Estado.<\/span><\/p>\n<p style=\"text-align: justify;\"><span style=\"font-size: 14pt;\">Raquel, no entanto, disse n\u00e3o pretender concentrar sua campanha em ataques aos advers\u00e1rio. \u201cAgora, n\u00e3o subestime a intelig\u00eancia de um povo. O povo \u00e9 s\u00e1bio. Eu n\u00e3o perdi tempo falando deles. Eu investi tempo cuidando do Estado, cortando o mato alto, arrega\u00e7ando as mangas.\u201d<\/span><\/p>\n<p style=\"text-align: justify;\"><span style=\"font-size: 14pt;\">Ao longo da entrevista, ela voltou a dizer que sua campanha \u00e9 centrada em Pernambuco e rejeitou ser vinculada exclusivamente a Lula ou ao candidato Fl\u00e1vio Bolsonaro (PL).<\/span><\/p>\n<p style=\"text-align: justify;\"><span style=\"font-size: 14pt;\">\u201cNossa candidatura representa todas as cores partid\u00e1rias. No arco-\u00edris da bandeira de Pernambuco, claro, em todas elas. Eu me abracei com a bandeira de Pernambuco desde o come\u00e7o, isso n\u00e3o era uma estrat\u00e9gia n\u00e3o\u201d, disse.<\/span><\/p>\n","protected":false},"excerpt":{"rendered":"<p>A candidata &agrave; reelei&ccedil;&atilde;o, Raquel Lyra (PSD), criticou, nesta quarta-feira (2), o grupo pol&iacute;tico do prefeito do Recife e candidato ao Governo de Pernambuco, Jo&atilde;o Campos (PSB), durante sabatina na R&aacute;dio Folha PE. Ao comentar a rela&ccedil;&atilde;o com o governo do presidente Lula (PT), a governadora de Pernambuco apontou que os dizem que pretendem fazer &#8230; <a title=\"Raquel diz que grupo de Jo\u00e3o Campos &#8220;atrapalhou o tempo inteiro&#8221; seu governo\" class=\"read-more\" href=\"https:\/\/afogadosonline.com.br\/index.php\/2026\/09\/02\/raquel-diz-que-grupo-de-joao-campos-atrapalhou-o-tempo-inteiro-seu-governo\/\" aria-label=\"Read more about Raquel diz que grupo de Jo\u00e3o Campos &#8220;atrapalhou o tempo inteiro&#8221; seu governo\">Ler mais<\/a><\/p>\n","protected":false},"author":2,"featured_media":0,"comment_status":"closed","ping_status":"closed","sticky":false,"template":"","format":"standard","meta":{"footnotes":""},"categories":[2],"tags":[],"class_list":["post-40816","post","type-post","status-publish","format-standard","hentry","category-uncategorised"],"_links":{"self":[{"href":"https:\/\/afogadosonline.com.br\/index.php\/wp-json\/wp\/v2\/posts\/40816"}],"collection":[{"href":"https:\/\/afogadosonline.com.br\/index.php\/wp-json\/wp\/v2\/posts"}],"about":[{"href":"https:\/\/afogadosonline.com.br\/index.php\/wp-json\/wp\/v2\/types\/post"}],"author":[{"embeddable":true,"href":"https:\/\/afogadosonline.com.br\/index.php\/wp-json\/wp\/v2\/users\/2"}],"replies":[{"embeddable":true,"href":"https:\/\/afogadosonline.com.br\/index.php\/wp-json\/wp\/v2\/comments?post=40816"}],"version-history":[{"count":1,"href":"https:\/\/afogadosonline.com.br\/index.php\/wp-json\/wp\/v2\/posts\/40816\/revisions"}],"predecessor-version":[{"id":40817,"href":"https:\/\/afogadosonline.com.br\/index.php\/wp-json\/wp\/v2\/posts\/40816\/revisions\/40817"}],"wp:attachment":[{"href":"https:\/\/afogadosonline.com.br\/index.php\/wp-json\/wp\/v2\/media?parent=40816"}],"wp:term":[{"taxonomy":"category","embeddable":true,"href":"https:\/\/afogadosonline.com.br\/index.php\/wp-json\/wp\/v2\/categories?post=40816"},{"taxonomy":"post_tag","embeddable":true,"href":"https:\/\/afogadosonline.com.br\/index.php\/wp-json\/wp\/v2\/tags?post=40816"}],"curies":[{"name":"wp","href":"https:\/\/api.w.org\/{rel}","templated":true}]}}