{"id":40804,"date":"2026-09-02T04:21:34","date_gmt":"2026-09-02T07:21:34","guid":{"rendered":"https:\/\/afogadosonline.com.br\/?p=40804"},"modified":"2026-09-01T21:24:12","modified_gmt":"2026-09-02T00:24:12","slug":"ministerio-publico-eleitoral-recomenda-retirar-propaganda-eleitoral-que-dificulte-a-visibilidade-no-transito-de-veiculos-e-a-mobilidade-dos-pedestres-em-araripina","status":"publish","type":"post","link":"https:\/\/afogadosonline.com.br\/index.php\/2026\/09\/02\/ministerio-publico-eleitoral-recomenda-retirar-propaganda-eleitoral-que-dificulte-a-visibilidade-no-transito-de-veiculos-e-a-mobilidade-dos-pedestres-em-araripina\/","title":{"rendered":"Minist\u00e9rio P\u00fablico Eleitoral recomenda retirar propaganda eleitoral que dificulte a visibilidade no tr\u00e2nsito de ve\u00edculos e a mobilidade dos pedestres em Araripina"},"content":{"rendered":"<p><img fetchpriority=\"high\" decoding=\"async\" class=\"aligncenter\" src=\"https:\/\/portal.mppe.mp.br\/documents\/d\/guest\/araripina-_site-jpg\" alt=\"Imagem de rua com bandeiras de campanha pol\u00edtica\" width=\"636\" height=\"339\" \/><\/p>\n<p style=\"text-align: justify;\"><span style=\"font-size: 14pt;\">A Promotoria de Justi\u00e7a Eleitoral da 84\u00aa Zona Eleitoral de Araripina recomendou aos partidos pol\u00edticos, federa\u00e7\u00f5es, coliga\u00e7\u00f5es, candidatas e candidatos do munic\u00edpio que se abstenham de fixar itens de propaganda eleitoral em espa\u00e7os da via p\u00fablica que dificultem a visibilidade e a circula\u00e7\u00e3o de ve\u00edculos e pedestres. A reinstala\u00e7\u00e3o nos mesmos locais deve seguir os requisitos legais: sem obstruir a mobilidade efetiva e respeitar os hor\u00e1rios.<\/span><\/p>\n<p style=\"text-align: justify;\"><span style=\"font-size: 14pt;\">Foi realizada fiscaliza\u00e7\u00e3o pela Promotoria Eleitoral da 84.\u00aa Zona Eleitoral de Araripina nas vias p\u00fablicas do munic\u00edpio, constatando a instala\u00e7\u00e3o e perman\u00eancia de bandeiras, faixas e artefatos assemelhados de propaganda eleitoral em trevos, rotat\u00f3rias, cruzamentos, canteiros centrais, ilhas de canaliza\u00e7\u00e3o e faixas de acesso das vias urbanas, com adensamento cr\u00edtico nos pontos de conex\u00e3o com a rodovia federal BR-316 e que impedem a visualiza\u00e7\u00e3o do tr\u00e1fego e circula\u00e7\u00e3o de ve\u00edculos e pedestres, comprometendo a circula\u00e7\u00e3o e seguran\u00e7a vi\u00e1ria.<\/span><\/p>\n<p style=\"text-align: justify;\"><span style=\"font-size: 14pt;\">Dessa forma, os partidos pol\u00edticos, federa\u00e7\u00f5es, coliga\u00e7\u00f5es, candidatas e candidatos foram notificados para que removam, em 48 horas, todas as bandeiras, cavaletes, mesas, faixas, estandartes, bonecos, pain\u00e9is e artefatos assemelhados de propaganda eleitoral nos seguintes locais do munic\u00edpio de Araripina:<\/span><\/p>\n<p style=\"text-align: justify;\"><span style=\"font-size: 14pt;\">\u2022 no trevo do letreiro de acesso da Avenida Ant\u00f4nio de Barros Muniz \u00e0 rodovia BR-316 (incluindo o v\u00e9rtice, canteiros, ilhas de canaliza\u00e7\u00e3o e faixas de acelera\u00e7\u00e3o e desacelera\u00e7\u00e3o); no trevo da Avenida Perimetral nas imedia\u00e7\u00f5es do letreiro municipal (abrangendo canteiros centrais, ilhas e aproxima\u00e7\u00f5es de cruzamento);<\/span><\/p>\n<p style=\"text-align: justify;\"><span style=\"font-size: 14pt;\">\u2022 no trevo do bairro Bomba em toda a extens\u00e3o da Avenida Florentino Alves Batista at\u00e9 a BR-316 (compreendendo canteiros centrais, rotat\u00f3rias, cruzamentos intermedi\u00e1rios e a \u00e1rea de conex\u00e3o com a rodovia); e<\/span><\/p>\n<p style=\"text-align: justify;\"><span style=\"font-size: 14pt;\">\u2022 em todos os demais cruzamentos, trevos, rotat\u00f3rias, canteiros centrais, ilhas de canaliza\u00e7\u00e3o, vias de acesso e liga\u00e7\u00e3o \u00e0 BR-316, bem como em sua respectiva faixa de dom\u00ednio.<\/span><\/p>\n<p style=\"text-align: justify;\"><span style=\"font-size: 14pt;\">De agora em diante, fica recomendado aos partidos pol\u00edticos, federa\u00e7\u00f5es, coliga\u00e7\u00f5es, candidatas e candidatos que se abstenham de posicionar propaganda eleitoral em locais que dificultem a livre passagem dos pedestres, bloqueiem algum trecho do tr\u00e1fego de tr\u00e2nsito ou escondam alguma placa de sinaliza\u00e7\u00e3o. As regras de hor\u00e1rio e mobilidade tamb\u00e9m devem ser respeitadas quando se tratar de materiais m\u00f3veis, como bandeiras e mesas, que s\u00f3 podem ser colocados em via p\u00fablica em hor\u00e1rios pr\u00e9-determinados. O MP Eleitoral ressalta ainda a proibi\u00e7\u00e3o de afixamento de adere\u00e7os de campanha eleitoral na estrutura da cidade, como prender ou chumbar propaganda em postes, \u00e1rvores, bases de concreto, grades, muretas da pista ou bancos p\u00fablicos.<\/span><\/p>\n<p style=\"text-align: justify;\"><span style=\"font-size: 14pt;\">O MP Eleitoral recomenda que as equipes de campanha, coordena\u00e7\u00f5es de rua, cabos eleitorais e apoiadores tenham conhecimento quanto ao inteiro teor desta recomenda\u00e7\u00e3o.<\/span><\/p>\n","protected":false},"excerpt":{"rendered":"<p>A Promotoria de Justi&ccedil;a Eleitoral da 84&ordf; Zona Eleitoral de Araripina recomendou aos partidos pol&iacute;ticos, federa&ccedil;&otilde;es, coliga&ccedil;&otilde;es, candidatas e candidatos do munic&iacute;pio que se abstenham de fixar itens de propaganda eleitoral em espa&ccedil;os da via p&uacute;blica que dificultem a visibilidade e a circula&ccedil;&atilde;o de ve&iacute;culos e pedestres. A reinstala&ccedil;&atilde;o nos mesmos locais deve seguir os &#8230; <a title=\"Minist\u00e9rio P\u00fablico Eleitoral recomenda retirar propaganda eleitoral que dificulte a visibilidade no tr\u00e2nsito de ve\u00edculos e a mobilidade dos pedestres em Araripina\" class=\"read-more\" href=\"https:\/\/afogadosonline.com.br\/index.php\/2026\/09\/02\/ministerio-publico-eleitoral-recomenda-retirar-propaganda-eleitoral-que-dificulte-a-visibilidade-no-transito-de-veiculos-e-a-mobilidade-dos-pedestres-em-araripina\/\" aria-label=\"Read more about Minist\u00e9rio P\u00fablico Eleitoral recomenda retirar propaganda eleitoral que dificulte a visibilidade no tr\u00e2nsito de ve\u00edculos e a mobilidade dos pedestres em Araripina\">Ler mais<\/a><\/p>\n","protected":false},"author":2,"featured_media":0,"comment_status":"closed","ping_status":"closed","sticky":false,"template":"","format":"standard","meta":{"footnotes":""},"categories":[2],"tags":[],"class_list":["post-40804","post","type-post","status-publish","format-standard","hentry","category-uncategorised"],"_links":{"self":[{"href":"https:\/\/afogadosonline.com.br\/index.php\/wp-json\/wp\/v2\/posts\/40804"}],"collection":[{"href":"https:\/\/afogadosonline.com.br\/index.php\/wp-json\/wp\/v2\/posts"}],"about":[{"href":"https:\/\/afogadosonline.com.br\/index.php\/wp-json\/wp\/v2\/types\/post"}],"author":[{"embeddable":true,"href":"https:\/\/afogadosonline.com.br\/index.php\/wp-json\/wp\/v2\/users\/2"}],"replies":[{"embeddable":true,"href":"https:\/\/afogadosonline.com.br\/index.php\/wp-json\/wp\/v2\/comments?post=40804"}],"version-history":[{"count":1,"href":"https:\/\/afogadosonline.com.br\/index.php\/wp-json\/wp\/v2\/posts\/40804\/revisions"}],"predecessor-version":[{"id":40805,"href":"https:\/\/afogadosonline.com.br\/index.php\/wp-json\/wp\/v2\/posts\/40804\/revisions\/40805"}],"wp:attachment":[{"href":"https:\/\/afogadosonline.com.br\/index.php\/wp-json\/wp\/v2\/media?parent=40804"}],"wp:term":[{"taxonomy":"category","embeddable":true,"href":"https:\/\/afogadosonline.com.br\/index.php\/wp-json\/wp\/v2\/categories?post=40804"},{"taxonomy":"post_tag","embeddable":true,"href":"https:\/\/afogadosonline.com.br\/index.php\/wp-json\/wp\/v2\/tags?post=40804"}],"curies":[{"name":"wp","href":"https:\/\/api.w.org\/{rel}","templated":true}]}}