{"id":40796,"date":"2026-09-01T15:48:21","date_gmt":"2026-09-01T18:48:21","guid":{"rendered":"https:\/\/afogadosonline.com.br\/?p=40796"},"modified":"2026-09-01T15:48:21","modified_gmt":"2026-09-01T18:48:21","slug":"nao-encontraram-diz-joao-campos-sobre-buscas-da-sua-equipe-juridica-a-panfletos-apocrifos-contra-raquel-lyra","status":"publish","type":"post","link":"https:\/\/afogadosonline.com.br\/index.php\/2026\/09\/01\/nao-encontraram-diz-joao-campos-sobre-buscas-da-sua-equipe-juridica-a-panfletos-apocrifos-contra-raquel-lyra\/","title":{"rendered":"&#8220;N\u00e3o encontraram&#8221;, diz Jo\u00e3o Campos sobre buscas da sua equipe jur\u00eddica a panfletos ap\u00f3crifos contra Raquel Lyra"},"content":{"rendered":"<p><img fetchpriority=\"high\" decoding=\"async\" class=\"aligncenter\" src=\"https:\/\/imagens.ne10.uol.com.br\/veiculos\/_midias\/jpg\/2026\/09\/01\/whatsapp_image_2026_09_01_at_12_00_38-37040141.jpeg?6a9701456ad7a?ims=800x533\" alt=\"Jo\u00e3o Campos (PSB), candidato ao governo do Estado\" width=\"637\" height=\"358\" \/><\/p>\n<p style=\"text-align: justify;\"><span style=\"font-size: 14pt;\">No auge da escalada de tens\u00e3o entre as campanhas ao Governo de Pernambuco, o candidato Jo\u00e3o Campos (PSB) questionou, nesta ter\u00e7a-feira (1), se os panfletos ap\u00f3crifos com ataques \u00e0 governadora Raquel Lyra (PSD), divulgados nas redes sociais no domingo (30), chegaram efetivamente a circular pelas ruas do Recife.<\/span><\/p>\n<p style=\"text-align: justify;\"><span style=\"font-size: 14pt;\">Durante entrevista \u00e0 R\u00e1dio Folha, o socialista afirmou que sua equipe jur\u00eddica procurou os materiais e n\u00e3o encontrou exemplares dos panfletos que ganharam repercuss\u00e3o.<\/span><\/p>\n<p style=\"text-align: justify;\"><span style=\"font-size: 14pt;\">\u201cQueria tamb\u00e9m fazer uma pergunta: voc\u00ea viu algum panfleto desse na rua? Pedi que a nossa equipe jur\u00eddica procurasse. Eles n\u00e3o encontraram nenhum panfleto desse que foi postado. Encontraram um panfleto que fazia ataque \u00e0 honra, mas o que foi postado n\u00e3o encontraram nenhum\u201d, afirmou.<\/span><\/p>\n<p style=\"text-align: justify;\"><span style=\"font-size: 14pt;\">Jo\u00e3o Campos voltou a negar qualquer envolvimento de sua campanha com os materiais e afirmou ter acionado a Justi\u00e7a para pedir a investiga\u00e7\u00e3o do caso. Segundo o candidato, tanto quem produziu os ataques quanto aqueles que tentaram atribu\u00ed-los \u00e0 sua candidatura devem ser responsabilizados.<\/span><\/p>\n<p style=\"text-align: justify;\"><span style=\"font-size: 14pt;\">A declara\u00e7\u00e3o refor\u00e7a a posi\u00e7\u00e3o adotada pelo socialista desde a repercuss\u00e3o dos panfletos, no domingo (30). Na segunda-feira (31), Jo\u00e3o j\u00e1 havia repudiado os ataques e negado qualquer participa\u00e7\u00e3o de sua campanha no epis\u00f3dio.<\/span><\/p>\n<p style=\"text-align: justify;\"><span style=\"font-size: 14pt;\">Jo\u00e3o aproveitou ainda para condenar ataques que explorem a morte de familiares de advers\u00e1rios pol\u00edticos. O candidato perdeu o pai, o ex-governador Eduardo Campos, durante a campanha presidencial de 2014, enquanto Raquel Lyra perdeu o marido, Fernando Lucena, no in\u00edcio da campanha eleitoral de 2022.<\/span><\/p>\n<p style=\"text-align: justify;\"><span style=\"font-size: 14pt;\">\u201cEu perdi meu pai durante uma campanha eleitoral, momento mais dif\u00edcil da minha vida. A candidata Raquel perdeu o marido durante uma campanha eleitoral e ningu\u00e9m no mundo tem o direito de atacar a minha dor ou atacar a dor dela ou a dor de qualquer pessoa para tirar um proveito eleitoral. Ningu\u00e9m tem esse direito e atos como esse que foram praticados s\u00e3o crime\u201d, declarou.<\/span><\/p>\n<p style=\"text-align: justify;\"><span style=\"font-size: 14pt;\">O epis\u00f3dio dos panfletos ocorre em meio a uma sucess\u00e3o de den\u00fancias e a\u00e7\u00f5es judiciais que elevou a temperatura da disputa eleitoral nos \u00faltimos dias. Na semana passada, grava\u00e7\u00f5es divulgadas nacionalmente envolvendo Amisadai Andrade da Silva, ent\u00e3o superintendente da Arena de Pernambuco, trouxeram novas acusa\u00e7\u00f5es sobre a exist\u00eancia de uma estrutura voltada a atacar e \u201cdesidratar\u201d politicamente Jo\u00e3o Campos.<\/span><\/p>\n","protected":false},"excerpt":{"rendered":"<p>No auge da escalada de tens&atilde;o entre as campanhas ao Governo de Pernambuco, o candidato Jo&atilde;o Campos (PSB) questionou, nesta ter&ccedil;a-feira (1), se os panfletos ap&oacute;crifos com ataques &agrave; governadora Raquel Lyra (PSD), divulgados nas redes sociais no domingo (30), chegaram efetivamente a circular pelas ruas do Recife. Durante entrevista &agrave; R&aacute;dio Folha, o socialista &#8230; <a title=\"&#8220;N\u00e3o encontraram&#8221;, diz Jo\u00e3o Campos sobre buscas da sua equipe jur\u00eddica a panfletos ap\u00f3crifos contra Raquel Lyra\" class=\"read-more\" href=\"https:\/\/afogadosonline.com.br\/index.php\/2026\/09\/01\/nao-encontraram-diz-joao-campos-sobre-buscas-da-sua-equipe-juridica-a-panfletos-apocrifos-contra-raquel-lyra\/\" aria-label=\"Read more about &#8220;N\u00e3o encontraram&#8221;, diz Jo\u00e3o Campos sobre buscas da sua equipe jur\u00eddica a panfletos ap\u00f3crifos contra Raquel Lyra\">Ler mais<\/a><\/p>\n","protected":false},"author":2,"featured_media":0,"comment_status":"closed","ping_status":"closed","sticky":false,"template":"","format":"standard","meta":{"footnotes":""},"categories":[2],"tags":[],"class_list":["post-40796","post","type-post","status-publish","format-standard","hentry","category-uncategorised"],"_links":{"self":[{"href":"https:\/\/afogadosonline.com.br\/index.php\/wp-json\/wp\/v2\/posts\/40796"}],"collection":[{"href":"https:\/\/afogadosonline.com.br\/index.php\/wp-json\/wp\/v2\/posts"}],"about":[{"href":"https:\/\/afogadosonline.com.br\/index.php\/wp-json\/wp\/v2\/types\/post"}],"author":[{"embeddable":true,"href":"https:\/\/afogadosonline.com.br\/index.php\/wp-json\/wp\/v2\/users\/2"}],"replies":[{"embeddable":true,"href":"https:\/\/afogadosonline.com.br\/index.php\/wp-json\/wp\/v2\/comments?post=40796"}],"version-history":[{"count":1,"href":"https:\/\/afogadosonline.com.br\/index.php\/wp-json\/wp\/v2\/posts\/40796\/revisions"}],"predecessor-version":[{"id":40797,"href":"https:\/\/afogadosonline.com.br\/index.php\/wp-json\/wp\/v2\/posts\/40796\/revisions\/40797"}],"wp:attachment":[{"href":"https:\/\/afogadosonline.com.br\/index.php\/wp-json\/wp\/v2\/media?parent=40796"}],"wp:term":[{"taxonomy":"category","embeddable":true,"href":"https:\/\/afogadosonline.com.br\/index.php\/wp-json\/wp\/v2\/categories?post=40796"},{"taxonomy":"post_tag","embeddable":true,"href":"https:\/\/afogadosonline.com.br\/index.php\/wp-json\/wp\/v2\/tags?post=40796"}],"curies":[{"name":"wp","href":"https:\/\/api.w.org\/{rel}","templated":true}]}}