{"id":40776,"date":"2026-08-30T10:59:44","date_gmt":"2026-08-30T13:59:44","guid":{"rendered":"https:\/\/afogadosonline.com.br\/?p=40776"},"modified":"2026-08-30T10:59:44","modified_gmt":"2026-08-30T13:59:44","slug":"tse-marca-para-esta-segunda-31-julgamento-de-registros-dos-candidatos-a-presidencia","status":"publish","type":"post","link":"https:\/\/afogadosonline.com.br\/index.php\/2026\/08\/30\/tse-marca-para-esta-segunda-31-julgamento-de-registros-dos-candidatos-a-presidencia\/","title":{"rendered":"TSE marca para esta segunda (31) julgamento de registros dos candidatos \u00e0 Presid\u00eancia"},"content":{"rendered":"<p style=\"text-align: justify;\"><span style=\"font-size: 14pt;\"><img fetchpriority=\"high\" decoding=\"async\" class=\"wp-image-18140 aligncenter\" src=\"https:\/\/afogadosonline.com.br\/wp-content\/uploads\/2020\/09\/TSE.jpg\" alt=\"\" width=\"639\" height=\"376\" srcset=\"https:\/\/afogadosonline.com.br\/wp-content\/uploads\/2020\/09\/TSE.jpg 697w, https:\/\/afogadosonline.com.br\/wp-content\/uploads\/2020\/09\/TSE-300x176.jpg 300w\" sizes=\"(max-width: 639px) 100vw, 639px\" \/>O Tribunal Superior Eleitoral (TSE) marcou para a pr\u00f3xima segunda-feira (31) o in\u00edcio do julgamento virtual dos registros dos candidatos \u00e0 Presid\u00eancia da Rep\u00fablica nas elei\u00e7\u00f5es de outubro.<\/span><\/p>\n<p style=\"text-align: justify;\"><span style=\"font-size: 14pt;\">O julgamento ter\u00e1 in\u00edcio \u00e0 meia-noite e ficar\u00e1 aberta at\u00e9 o dia 2 de setembro. Na modalidade virtual, os ministros inserem os votos no sistema eletr\u00f4nico da Corte e n\u00e3o h\u00e1 delibera\u00e7\u00e3o presencial.<\/span><\/p>\n<p style=\"text-align: justify;\"><span style=\"font-size: 14pt;\">O TSE recebeu 13 pedidos de registros de candidaturas:<\/span><\/p>\n<ul>\n<li style=\"text-align: justify;\"><span style=\"font-size: 14pt;\">Augusto Cury (Avante);<\/span><\/li>\n<li style=\"text-align: justify;\"><span style=\"font-size: 14pt;\">Clariana Bar\u00e3o (DC);<\/span><\/li>\n<li style=\"text-align: justify;\"><span style=\"font-size: 14pt;\">Edmilson Costa (PCB);<\/span><\/li>\n<li style=\"text-align: justify;\"><span style=\"font-size: 14pt;\">Fl\u00e1vio Bolsonaro (PL);<\/span><\/li>\n<li style=\"text-align: justify;\"><span style=\"font-size: 14pt;\">Hertz Dias (PSTU);<\/span><\/li>\n<li style=\"text-align: justify;\"><span style=\"font-size: 14pt;\">Luiz In\u00e1cio Lula da Silva (PT);<\/span><\/li>\n<li style=\"text-align: justify;\"><span style=\"font-size: 14pt;\">Pablo Mar\u00e7al (PRTB);<\/span><\/li>\n<li style=\"text-align: justify;\"><span style=\"font-size: 14pt;\">Renan Santos (Miss\u00e3o);<\/span><\/li>\n<li style=\"text-align: justify;\"><span style=\"font-size: 14pt;\">Romeu Zema (Novo);<\/span><\/li>\n<li style=\"text-align: justify;\"><span style=\"font-size: 14pt;\">Ronaldo Caiado (PSD);<\/span><\/li>\n<li style=\"text-align: justify;\"><span style=\"font-size: 14pt;\">Rui Costa Pimenta (PCO);<\/span><\/li>\n<li style=\"text-align: justify;\"><span style=\"font-size: 14pt;\">Samara Martins (UP) e<\/span><\/li>\n<li style=\"text-align: justify;\"><span style=\"font-size: 14pt;\">Wilson Grassi (Democrata).<\/span><\/li>\n<\/ul>\n<p style=\"text-align: justify;\"><span style=\"font-size: 14pt;\">Para terem os registros concedidos, os candidatos precisam apresentar documentos para comprovar que est\u00e3o eleg\u00edveis e que n\u00e3o t\u00eam pend\u00eancias com a Justi\u00e7a Eleitoral.<\/span><\/p>\n<p style=\"text-align: justify;\"><span style=\"font-size: 14pt;\">No caso de Pablo Mar\u00e7al, o TSE j\u00e1 determinou que o candidato deve ficar proibido temporariamente de fazer campanha eleitoral, comparecer a debates e participar do hor\u00e1rio eleitoral no r\u00e1dio e na TV.<\/span><\/p>\n<p style=\"text-align: justify;\"><span style=\"font-size: 14pt;\">Os ministros aceitaram um pedido de liminar protocolado pelo Minist\u00e9rio P\u00fablico Eleitoral (MPE) para suspender a campanha de Mar\u00e7al at\u00e9 que o TSE julgue de forma definitiva o registro de candidatura, o que vai ocorrer na pr\u00f3xima segunda-feira.<\/span><\/p>\n<p style=\"text-align: justify;\"><span style=\"font-size: 14pt;\">No pedido, o MPE afirmou ao tribunal que Pablo Mar\u00e7al est\u00e1 ineleg\u00edvel at\u00e9 2032 por ter sido condenado pela Justi\u00e7a Eleitoral de S\u00e3o Paulo por ofertar grava\u00e7\u00f5es de v\u00eddeos para vereadores e prefeitos em troca de doa\u00e7\u00f5es em dinheiro. O epis\u00f3dio ocorreu nas elei\u00e7\u00f5es municipais de 2024.<\/span><\/p>\n<p style=\"text-align: justify;\"><span style=\"font-size: 14pt;\"><strong>Elei\u00e7\u00f5es<\/strong><\/span><\/p>\n<p style=\"text-align: justify;\"><span style=\"font-size: 14pt;\">O primeiro turno ser\u00e1 no dia 4 de outubro, quando ser\u00e3o eleitos deputados federais, estaduais, distritais, governadores, senadores e o presidente da Rep\u00fablica.<\/span><\/p>\n<p style=\"text-align: justify;\"><span style=\"font-size: 14pt;\">O segundo turno est\u00e1 marcado para o dia 25 e pode ocorrer na disputa para os cargos de governador e presidente. Os eleitores voltar\u00e3o \u00e0s urnas se nenhum dos candidatos obtiver mais de 50% dos votos v\u00e1lidos, excluindo brancos e nulos, no primeiro turno.<\/span><\/p>\n","protected":false},"excerpt":{"rendered":"<p>O Tribunal Superior Eleitoral (TSE) marcou para a pr&oacute;xima segunda-feira (31) o in&iacute;cio do julgamento virtual dos registros dos candidatos &agrave; Presid&ecirc;ncia da Rep&uacute;blica nas elei&ccedil;&otilde;es de outubro. O julgamento ter&aacute; in&iacute;cio &agrave; meia-noite e ficar&aacute; aberta at&eacute; o dia 2 de setembro. Na modalidade virtual, os ministros inserem os votos no sistema eletr&ocirc;nico da &#8230; <a title=\"TSE marca para esta segunda (31) julgamento de registros dos candidatos \u00e0 Presid\u00eancia\" class=\"read-more\" href=\"https:\/\/afogadosonline.com.br\/index.php\/2026\/08\/30\/tse-marca-para-esta-segunda-31-julgamento-de-registros-dos-candidatos-a-presidencia\/\" aria-label=\"Read more about TSE marca para esta segunda (31) julgamento de registros dos candidatos \u00e0 Presid\u00eancia\">Ler mais<\/a><\/p>\n","protected":false},"author":2,"featured_media":0,"comment_status":"closed","ping_status":"closed","sticky":false,"template":"","format":"standard","meta":{"footnotes":""},"categories":[2],"tags":[],"class_list":["post-40776","post","type-post","status-publish","format-standard","hentry","category-uncategorised"],"_links":{"self":[{"href":"https:\/\/afogadosonline.com.br\/index.php\/wp-json\/wp\/v2\/posts\/40776"}],"collection":[{"href":"https:\/\/afogadosonline.com.br\/index.php\/wp-json\/wp\/v2\/posts"}],"about":[{"href":"https:\/\/afogadosonline.com.br\/index.php\/wp-json\/wp\/v2\/types\/post"}],"author":[{"embeddable":true,"href":"https:\/\/afogadosonline.com.br\/index.php\/wp-json\/wp\/v2\/users\/2"}],"replies":[{"embeddable":true,"href":"https:\/\/afogadosonline.com.br\/index.php\/wp-json\/wp\/v2\/comments?post=40776"}],"version-history":[{"count":1,"href":"https:\/\/afogadosonline.com.br\/index.php\/wp-json\/wp\/v2\/posts\/40776\/revisions"}],"predecessor-version":[{"id":40777,"href":"https:\/\/afogadosonline.com.br\/index.php\/wp-json\/wp\/v2\/posts\/40776\/revisions\/40777"}],"wp:attachment":[{"href":"https:\/\/afogadosonline.com.br\/index.php\/wp-json\/wp\/v2\/media?parent=40776"}],"wp:term":[{"taxonomy":"category","embeddable":true,"href":"https:\/\/afogadosonline.com.br\/index.php\/wp-json\/wp\/v2\/categories?post=40776"},{"taxonomy":"post_tag","embeddable":true,"href":"https:\/\/afogadosonline.com.br\/index.php\/wp-json\/wp\/v2\/tags?post=40776"}],"curies":[{"name":"wp","href":"https:\/\/api.w.org\/{rel}","templated":true}]}}