{"id":40772,"date":"2026-08-28T15:55:24","date_gmt":"2026-08-28T18:55:24","guid":{"rendered":"https:\/\/afogadosonline.com.br\/?p=40772"},"modified":"2026-08-28T15:55:24","modified_gmt":"2026-08-28T18:55:24","slug":"raquel-lyra-pede-a-justica-que-joao-campos-esclareca-acusacao-sobre-milicia-digital","status":"publish","type":"post","link":"https:\/\/afogadosonline.com.br\/index.php\/2026\/08\/28\/raquel-lyra-pede-a-justica-que-joao-campos-esclareca-acusacao-sobre-milicia-digital\/","title":{"rendered":"Raquel Lyra pede \u00e0 Justi\u00e7a que Jo\u00e3o Campos esclare\u00e7a acusa\u00e7\u00e3o sobre &#8220;mil\u00edcia digital&#8221;"},"content":{"rendered":"<p><img fetchpriority=\"high\" decoding=\"async\" class=\"aligncenter\" src=\"https:\/\/imagens.ne10.uol.com.br\/veiculos\/_midias\/jpg\/2026\/08\/20\/jj_24-37009556.jpg?ims=800x533\" alt=\"Governadora e candidata &amp;agrave; reelei&amp;ccedil;&amp;atilde;o Raquel Lyra (PSD)\" width=\"636\" height=\"424\" \/><\/p>\n<p style=\"text-align: justify;\"><span style=\"font-size: 14pt;\">A governadora de Pernambuco e candidata \u00e0 reelei\u00e7\u00e3o Raquel Lyra (PSD) apresentou \u00e0 Justi\u00e7a uma interpela\u00e7\u00e3o criminal para que o candidato Jo\u00e3o Campos (PSB) esclare\u00e7a a quem se referiu ao afirmar que \u201cquem senta na cadeira para governar Pernambuco\u201d n\u00e3o poderia coordenar uma suposta \u201cmil\u00edcia digital\u201d. A medida foi divulgada pela campanha da governadora nesta sexta-feira (28).<\/span><\/p>\n<p style=\"text-align: justify;\"><span style=\"font-size: 14pt;\">A declara\u00e7\u00e3o de Jo\u00e3o foi feita em um v\u00eddeo publicado nas redes sociais na quarta-feira (26), ap\u00f3s a repercuss\u00e3o de uma reportagem da TV Record sobre um suposto esquema de p\u00e1ginas e perfis digitais voltados a ataques contra o socialista e outros advers\u00e1rios pol\u00edticos.<\/span><\/p>\n<p style=\"text-align: justify;\"><span style=\"font-size: 14pt;\">No v\u00eddeo, Jo\u00e3o afirmou que denunciava h\u00e1 mais de um ano a exist\u00eancia de um suposto \u201cgabinete do \u00f3dio\u201d e relacionou a estrutura ao Pal\u00e1cio do Campo das Princesas.<\/span><\/p>\n<p style=\"text-align: justify;\"><span style=\"font-size: 14pt;\">\u201cQuem senta na cadeira para governar Pernambuco n\u00e3o pode estar coordenando uma mil\u00edcia digital para atacar os seus advers\u00e1rios, nem usar dinheiro p\u00fablico para isso\u201d, afirmou o candidato na ocasi\u00e3o.<\/span><\/p>\n<p style=\"text-align: justify;\"><span style=\"font-size: 14pt;\">A interpela\u00e7\u00e3o apresentada por Raquel tem como fundamento o artigo 144 do C\u00f3digo Penal, que permite a quem se considera ofendido por refer\u00eancias, alus\u00f5es ou frases pedir explica\u00e7\u00f5es em ju\u00edzo. A medida n\u00e3o representa, neste momento, uma queixa-crime ou um pedido de condena\u00e7\u00e3o contra Jo\u00e3o.<\/span><\/p>\n<p style=\"text-align: justify;\"><span style=\"font-size: 14pt;\"><strong>Raquel pede identifica\u00e7\u00e3o<\/strong><\/span><\/p>\n<p style=\"text-align: justify;\"><span style=\"font-size: 14pt;\">Segundo a campanha da governadora, a interpela\u00e7\u00e3o busca fazer com que Jo\u00e3o identifique de maneira precisa a quem atribuiu a coordena\u00e7\u00e3o da suposta estrutura e apresente os fatos nos quais baseou a declara\u00e7\u00e3o.<\/span><\/p>\n<p style=\"text-align: justify;\"><span style=\"font-size: 14pt;\">Na pe\u00e7a, a defesa de Raquel argumenta que Jo\u00e3o n\u00e3o teria feito apenas uma cr\u00edtica pol\u00edtica, mas atribu\u00eddo \u00e0 administra\u00e7\u00e3o estadual a lideran\u00e7a de uma estrutura clandestina voltada \u00e0 pr\u00e1tica de atos il\u00edcitos.<\/span><\/p>\n<p style=\"text-align: justify;\"><span style=\"font-size: 14pt;\">Os advogados tamb\u00e9m sustentam que o emprego da express\u00e3o \u201cmil\u00edcia digital\u201d, sem a identifica\u00e7\u00e3o dos supostos respons\u00e1veis, teria ultrapassado os limites da cr\u00edtica pol\u00edtica.<\/span><\/p>\n<p style=\"text-align: justify;\"><span style=\"font-size: 14pt;\">Com a medida, Raquel pede que o socialista esclare\u00e7a o destinat\u00e1rio das declara\u00e7\u00f5es e os elementos utilizados para fazer a acusa\u00e7\u00e3o.<\/span><\/p>\n<p style=\"text-align: justify;\"><span style=\"font-size: 14pt;\">Segundo trecho da interpela\u00e7\u00e3o divulgado pela campanha, quem faz uma acusa\u00e7\u00e3o dessa natureza \u201ctem o dever de nominar a pessoa a quem acusa e se responsabilizar pelos seus atos\u201d.<\/span><\/p>\n","protected":false},"excerpt":{"rendered":"<p>A governadora de Pernambuco e candidata &agrave; reelei&ccedil;&atilde;o Raquel Lyra (PSD) apresentou &agrave; Justi&ccedil;a uma interpela&ccedil;&atilde;o criminal para que o candidato Jo&atilde;o Campos (PSB) esclare&ccedil;a a quem se referiu ao afirmar que &ldquo;quem senta na cadeira para governar Pernambuco&rdquo; n&atilde;o poderia coordenar uma suposta &ldquo;mil&iacute;cia digital&rdquo;. A medida foi divulgada pela campanha da governadora nesta &#8230; <a title=\"Raquel Lyra pede \u00e0 Justi\u00e7a que Jo\u00e3o Campos esclare\u00e7a acusa\u00e7\u00e3o sobre &#8220;mil\u00edcia digital&#8221;\" class=\"read-more\" href=\"https:\/\/afogadosonline.com.br\/index.php\/2026\/08\/28\/raquel-lyra-pede-a-justica-que-joao-campos-esclareca-acusacao-sobre-milicia-digital\/\" aria-label=\"Read more about Raquel Lyra pede \u00e0 Justi\u00e7a que Jo\u00e3o Campos esclare\u00e7a acusa\u00e7\u00e3o sobre &#8220;mil\u00edcia digital&#8221;\">Ler mais<\/a><\/p>\n","protected":false},"author":2,"featured_media":0,"comment_status":"closed","ping_status":"closed","sticky":false,"template":"","format":"standard","meta":{"footnotes":""},"categories":[2],"tags":[],"class_list":["post-40772","post","type-post","status-publish","format-standard","hentry","category-uncategorised"],"_links":{"self":[{"href":"https:\/\/afogadosonline.com.br\/index.php\/wp-json\/wp\/v2\/posts\/40772"}],"collection":[{"href":"https:\/\/afogadosonline.com.br\/index.php\/wp-json\/wp\/v2\/posts"}],"about":[{"href":"https:\/\/afogadosonline.com.br\/index.php\/wp-json\/wp\/v2\/types\/post"}],"author":[{"embeddable":true,"href":"https:\/\/afogadosonline.com.br\/index.php\/wp-json\/wp\/v2\/users\/2"}],"replies":[{"embeddable":true,"href":"https:\/\/afogadosonline.com.br\/index.php\/wp-json\/wp\/v2\/comments?post=40772"}],"version-history":[{"count":1,"href":"https:\/\/afogadosonline.com.br\/index.php\/wp-json\/wp\/v2\/posts\/40772\/revisions"}],"predecessor-version":[{"id":40773,"href":"https:\/\/afogadosonline.com.br\/index.php\/wp-json\/wp\/v2\/posts\/40772\/revisions\/40773"}],"wp:attachment":[{"href":"https:\/\/afogadosonline.com.br\/index.php\/wp-json\/wp\/v2\/media?parent=40772"}],"wp:term":[{"taxonomy":"category","embeddable":true,"href":"https:\/\/afogadosonline.com.br\/index.php\/wp-json\/wp\/v2\/categories?post=40772"},{"taxonomy":"post_tag","embeddable":true,"href":"https:\/\/afogadosonline.com.br\/index.php\/wp-json\/wp\/v2\/tags?post=40772"}],"curies":[{"name":"wp","href":"https:\/\/api.w.org\/{rel}","templated":true}]}}