{"id":40766,"date":"2026-08-28T15:46:13","date_gmt":"2026-08-28T18:46:13","guid":{"rendered":"https:\/\/afogadosonline.com.br\/?p=40766"},"modified":"2026-08-28T15:46:13","modified_gmt":"2026-08-28T18:46:13","slug":"joao-campos-acusa-campanha-de-raquel-de-assumir-lideranca-de-suposto-gabinete-do-odio","status":"publish","type":"post","link":"https:\/\/afogadosonline.com.br\/index.php\/2026\/08\/28\/joao-campos-acusa-campanha-de-raquel-de-assumir-lideranca-de-suposto-gabinete-do-odio\/","title":{"rendered":"Jo\u00e3o Campos acusa campanha de Raquel de &#8220;assumir lideran\u00e7a&#8221; de suposto gabinete do \u00f3dio"},"content":{"rendered":"<p><img fetchpriority=\"high\" decoding=\"async\" class=\"aligncenter\" src=\"https:\/\/s2-valor.glbimg.com\/_c60qdLt8gY5olkCBarTwDYnMfg=\/0x0:1600x1066\/888x0\/smart\/filters:strip_icc()\/i.s3.glbimg.com\/v1\/AUTH_63b422c2caee4269b8b34177e8876b93\/internal_photos\/bs\/2024\/q\/1\/NH5DhsRROdktwWQAombQ\/53835156571-16e0eea1ed-o.jpg\" alt=\"Genial\/Quaest: Jo\u00e3o Campos lidera disputa para governo de Pernambuco |  Pol\u00edtica | Valor Econ\u00f4mico\" width=\"636\" height=\"424\" \/><\/p>\n<p style=\"text-align: justify;\"><span style=\"font-size: 14pt;\">O candidato ao Governo de Pernambuco Jo\u00e3o Campos (PSB) rebateu, nesta sexta-feira (28), o v\u00eddeo divulgado pela governadora e candidata \u00e0 reelei\u00e7\u00e3o Raquel Lyra (PSD) para relacion\u00e1-lo a Amisadai Andrade da Silva, ex-servidor estadual citado no caso do suposto \u201cgabinete do \u00f3dio\u201d. Jo\u00e3o negou ter amizade, v\u00ednculo profissional ou j\u00e1 ter se reunido com Amisadai e afirmou que a grava\u00e7\u00e3o se tratava de uma mensagem feita a pedido de terceiros.<\/span><\/p>\n<p style=\"text-align: justify;\"><span style=\"font-size: 14pt;\">Na resposta, o socialista tamb\u00e9m acusou a campanha de Raquel de ter \u201cassumido a lideran\u00e7a\u201d do suposto gabinete ap\u00f3s a exonera\u00e7\u00e3o de Amisadai.<\/span><\/p>\n<p style=\"text-align: justify;\"><span style=\"font-size: 14pt;\">\u201cEu n\u00e3o tenho nenhuma rela\u00e7\u00e3o de amizade com o Amisadai, eu nunca o contratei, nunca o nomeei, nunca fez parte da minha equipe, eu nunca pedi a cess\u00e3o dele da Caixa Econ\u00f4mica Federal e a candidata advers\u00e1ria j\u00e1 n\u00e3o pode dizer o mesmo\u201d, declarou Jo\u00e3o.<\/span><\/p>\n<p style=\"text-align: justify;\"><span style=\"font-size: 14pt;\">A resposta foi dada durante agenda no Compaz L\u00eada Alves, no Pina, Zona Sul do Recife, um dia depois de Raquel usar as redes sociais para rebater as acusa\u00e7\u00f5es feitas pela Frente Popular, coliga\u00e7\u00e3o de Jo\u00e3o, contra integrantes do Governo do Estado.<\/span><\/p>\n<p style=\"text-align: justify;\"><span style=\"font-size: 14pt;\">Entre os conte\u00fados publicados pela governadora estava um v\u00eddeo no qual Jo\u00e3o aparece enviando uma mensagem a Amisadai. O socialista afirmou que a grava\u00e7\u00e3o n\u00e3o demonstra proximidade entre os dois e disse que costuma fazer v\u00eddeos semelhantes a pedido de pessoas que encontra durante agendas.<\/span><\/p>\n<p style=\"text-align: justify;\"><span style=\"font-size: 14pt;\">\u201cAgora mesmo eu estava ali falando com o professor, ele pediu para eu gravar um v\u00eddeo de parab\u00e9ns para a m\u00e3e de outra professora. [&#8230;] Esse mesmo v\u00eddeo eu vi que deputados gravaram, vereadores gravaram. Ent\u00e3o muitas pessoas gravaram o v\u00eddeo desejando parab\u00e9ns\u201d, afirmou.<\/span><\/p>\n<p style=\"text-align: justify;\"><span style=\"font-size: 14pt;\">\u201cN\u00e3o tenho nenhuma rela\u00e7\u00e3o de amizade, nunca me reuni e muito menos fazia parte da minha equipe\u201d, acrescentou.<\/span><\/p>\n<p style=\"text-align: justify;\"><span style=\"font-size: 14pt;\">Jo\u00e3o classificou a publica\u00e7\u00e3o da advers\u00e1ria como uma tentativa de desviar o foco das acusa\u00e7\u00f5es feitas contra integrantes da gest\u00e3o estadual.<\/span><\/p>\n","protected":false},"excerpt":{"rendered":"<p>O candidato ao Governo de Pernambuco Jo&atilde;o Campos (PSB) rebateu, nesta sexta-feira (28), o v&iacute;deo divulgado pela governadora e candidata &agrave; reelei&ccedil;&atilde;o Raquel Lyra (PSD) para relacion&aacute;-lo a Amisadai Andrade da Silva, ex-servidor estadual citado no caso do suposto &ldquo;gabinete do &oacute;dio&rdquo;. Jo&atilde;o negou ter amizade, v&iacute;nculo profissional ou j&aacute; ter se reunido com Amisadai &#8230; <a title=\"Jo\u00e3o Campos acusa campanha de Raquel de &#8220;assumir lideran\u00e7a&#8221; de suposto gabinete do \u00f3dio\" class=\"read-more\" href=\"https:\/\/afogadosonline.com.br\/index.php\/2026\/08\/28\/joao-campos-acusa-campanha-de-raquel-de-assumir-lideranca-de-suposto-gabinete-do-odio\/\" aria-label=\"Read more about Jo\u00e3o Campos acusa campanha de Raquel de &#8220;assumir lideran\u00e7a&#8221; de suposto gabinete do \u00f3dio\">Ler mais<\/a><\/p>\n","protected":false},"author":2,"featured_media":0,"comment_status":"closed","ping_status":"closed","sticky":false,"template":"","format":"standard","meta":{"footnotes":""},"categories":[2],"tags":[],"class_list":["post-40766","post","type-post","status-publish","format-standard","hentry","category-uncategorised"],"_links":{"self":[{"href":"https:\/\/afogadosonline.com.br\/index.php\/wp-json\/wp\/v2\/posts\/40766"}],"collection":[{"href":"https:\/\/afogadosonline.com.br\/index.php\/wp-json\/wp\/v2\/posts"}],"about":[{"href":"https:\/\/afogadosonline.com.br\/index.php\/wp-json\/wp\/v2\/types\/post"}],"author":[{"embeddable":true,"href":"https:\/\/afogadosonline.com.br\/index.php\/wp-json\/wp\/v2\/users\/2"}],"replies":[{"embeddable":true,"href":"https:\/\/afogadosonline.com.br\/index.php\/wp-json\/wp\/v2\/comments?post=40766"}],"version-history":[{"count":1,"href":"https:\/\/afogadosonline.com.br\/index.php\/wp-json\/wp\/v2\/posts\/40766\/revisions"}],"predecessor-version":[{"id":40767,"href":"https:\/\/afogadosonline.com.br\/index.php\/wp-json\/wp\/v2\/posts\/40766\/revisions\/40767"}],"wp:attachment":[{"href":"https:\/\/afogadosonline.com.br\/index.php\/wp-json\/wp\/v2\/media?parent=40766"}],"wp:term":[{"taxonomy":"category","embeddable":true,"href":"https:\/\/afogadosonline.com.br\/index.php\/wp-json\/wp\/v2\/categories?post=40766"},{"taxonomy":"post_tag","embeddable":true,"href":"https:\/\/afogadosonline.com.br\/index.php\/wp-json\/wp\/v2\/tags?post=40766"}],"curies":[{"name":"wp","href":"https:\/\/api.w.org\/{rel}","templated":true}]}}