{"id":40760,"date":"2026-08-27T14:51:39","date_gmt":"2026-08-27T17:51:39","guid":{"rendered":"https:\/\/afogadosonline.com.br\/?p=40760"},"modified":"2026-08-27T16:11:48","modified_gmt":"2026-08-27T19:11:48","slug":"40760","status":"publish","type":"post","link":"https:\/\/afogadosonline.com.br\/index.php\/2026\/08\/27\/40760\/","title":{"rendered":"Equipe de Raquel Lyra diz que acusa\u00e7\u00f5es da Coliga\u00e7\u00e3o de Jo\u00e3o Campos s\u00e3o &#8220;den\u00fancia sem provas&#8221;"},"content":{"rendered":"<p><img fetchpriority=\"high\" decoding=\"async\" class=\"aligncenter\" src=\"https:\/\/imagens.ne10.uol.com.br\/veiculos\/_midias\/jpg\/2026\/08\/16\/raquel_lyra_caruaru-36997084.jpeg?20260827135318?ims=800x533\" alt=\"Governadora e candidata \u00e0 reelei\u00e7\u00e3o Raquel Lyra (PSD)\" width=\"636\" height=\"424\" \/><\/p>\n<p style=\"text-align: justify;\"><span style=\"font-size: 14pt;\">A campanha da governadora e candidata \u00e0 reelei\u00e7\u00e3o Raquel Lyra (PSD) rebateu, nesta quinta-feira (27), o an\u00fancio de uma A\u00e7\u00e3o de Investiga\u00e7\u00e3o Judicial Eleitoral (AIJE) pela Frente Popular, coliga\u00e7\u00e3o que apoia Jo\u00e3o Campos (PSB).<\/span><\/p>\n<p style=\"text-align: justify;\"><span style=\"font-size: 14pt;\">Em nota, a equipe da candidata classificou as acusa\u00e7\u00f5es como uma \u201cden\u00fancia sem provas\u201d e afirmou que ir\u00e1 acionar a Justi\u00e7a contra quem, segundo a campanha, propaga mentiras contra a governadora.<\/span><\/p>\n<p style=\"text-align: justify;\"><span style=\"font-size: 14pt;\">Mais cedo, a Frente Popular anunciou que pretende apresentar uma AIJE reunindo cinco eixos de acusa\u00e7\u00f5es contra a gest\u00e3o estadual e a candidatura de Raquel.<\/span><\/p>\n<p style=\"text-align: justify;\"><span style=\"font-size: 14pt;\">Entre os pontos est\u00e3o o suposto uso de \u00f4nibus p\u00fablicos na conven\u00e7\u00e3o do PSD, o caso conhecido pela oposi\u00e7\u00e3o como \u201carapongagem\u201d, a utiliza\u00e7\u00e3o de uma aeronave do Estado, gastos com publicidade institucional e a exist\u00eancia de uma suposta rede de ataques contra Jo\u00e3o Campos nas redes sociais.<\/span><\/p>\n<p style=\"text-align: justify;\"><span style=\"font-size: 14pt;\">Na resposta, a campanha de Raquel afirmou que o PSB \u201ccontinua usando suas velhas pr\u00e1ticas\u201d, ao trocar o debate de propostas por acusa\u00e7\u00f5es. A nota tamb\u00e9m destacou que as medidas anunciadas pela Frente Popular ainda n\u00e3o haviam sido protocoladas.<\/span><\/p>\n","protected":false},"excerpt":{"rendered":"<p>A campanha da governadora e candidata &agrave; reelei&ccedil;&atilde;o Raquel Lyra (PSD) rebateu, nesta quinta-feira (27), o an&uacute;ncio de uma A&ccedil;&atilde;o de Investiga&ccedil;&atilde;o Judicial Eleitoral (AIJE) pela Frente Popular, coliga&ccedil;&atilde;o que apoia Jo&atilde;o Campos (PSB). Em nota, a equipe da candidata classificou as acusa&ccedil;&otilde;es como uma &ldquo;den&uacute;ncia sem provas&rdquo; e afirmou que ir&aacute; acionar a Justi&ccedil;a &#8230; <a title=\"Equipe de Raquel Lyra diz que acusa\u00e7\u00f5es da Coliga\u00e7\u00e3o de Jo\u00e3o Campos s\u00e3o &#8220;den\u00fancia sem provas&#8221;\" class=\"read-more\" href=\"https:\/\/afogadosonline.com.br\/index.php\/2026\/08\/27\/40760\/\" aria-label=\"Read more about Equipe de Raquel Lyra diz que acusa\u00e7\u00f5es da Coliga\u00e7\u00e3o de Jo\u00e3o Campos s\u00e3o &#8220;den\u00fancia sem provas&#8221;\">Ler mais<\/a><\/p>\n","protected":false},"author":2,"featured_media":0,"comment_status":"closed","ping_status":"closed","sticky":false,"template":"","format":"standard","meta":{"footnotes":""},"categories":[2],"tags":[],"class_list":["post-40760","post","type-post","status-publish","format-standard","hentry","category-uncategorised"],"_links":{"self":[{"href":"https:\/\/afogadosonline.com.br\/index.php\/wp-json\/wp\/v2\/posts\/40760"}],"collection":[{"href":"https:\/\/afogadosonline.com.br\/index.php\/wp-json\/wp\/v2\/posts"}],"about":[{"href":"https:\/\/afogadosonline.com.br\/index.php\/wp-json\/wp\/v2\/types\/post"}],"author":[{"embeddable":true,"href":"https:\/\/afogadosonline.com.br\/index.php\/wp-json\/wp\/v2\/users\/2"}],"replies":[{"embeddable":true,"href":"https:\/\/afogadosonline.com.br\/index.php\/wp-json\/wp\/v2\/comments?post=40760"}],"version-history":[{"count":3,"href":"https:\/\/afogadosonline.com.br\/index.php\/wp-json\/wp\/v2\/posts\/40760\/revisions"}],"predecessor-version":[{"id":40763,"href":"https:\/\/afogadosonline.com.br\/index.php\/wp-json\/wp\/v2\/posts\/40760\/revisions\/40763"}],"wp:attachment":[{"href":"https:\/\/afogadosonline.com.br\/index.php\/wp-json\/wp\/v2\/media?parent=40760"}],"wp:term":[{"taxonomy":"category","embeddable":true,"href":"https:\/\/afogadosonline.com.br\/index.php\/wp-json\/wp\/v2\/categories?post=40760"},{"taxonomy":"post_tag","embeddable":true,"href":"https:\/\/afogadosonline.com.br\/index.php\/wp-json\/wp\/v2\/tags?post=40760"}],"curies":[{"name":"wp","href":"https:\/\/api.w.org\/{rel}","templated":true}]}}