{"id":40738,"date":"2026-08-26T14:10:16","date_gmt":"2026-08-26T17:10:16","guid":{"rendered":"https:\/\/afogadosonline.com.br\/?p=40738"},"modified":"2026-08-26T14:10:16","modified_gmt":"2026-08-26T17:10:16","slug":"joao-campos-acusa-governo-de-pernambuco-de-coordenar-suposta-milicia-digital","status":"publish","type":"post","link":"https:\/\/afogadosonline.com.br\/index.php\/2026\/08\/26\/joao-campos-acusa-governo-de-pernambuco-de-coordenar-suposta-milicia-digital\/","title":{"rendered":"Jo\u00e3o Campos acusa Governo de Pernambuco de coordenar suposta &#8220;mil\u00edcia digital&#8221;"},"content":{"rendered":"<p><img fetchpriority=\"high\" decoding=\"async\" class=\"aligncenter\" src=\"https:\/\/psb40.org.br\/wp-content\/uploads\/2024\/10\/joao-campos.jpeg\" alt=\"Jo\u00e3o Campos fala em \u201csenso de urg\u00eancia\u201d e defende retomada de investimentos  em Pernambuco - PSB 40\" width=\"635\" height=\"424\" \/><\/p>\n<p style=\"text-align: justify;\"><span style=\"font-size: 14pt;\">O candidato ao Governo de Pernambuco Jo\u00e3o Campos (PSB) reagiu, na manh\u00e3 desta quarta-feira (26), \u00e0 reportagem exibida em rede nacional pela TV Record que aponta a exist\u00eancia de um suposto \u201cgabinete do \u00f3dio\u201d voltado \u00e0 produ\u00e7\u00e3o e dissemina\u00e7\u00e3o de ataques contra advers\u00e1rios pol\u00edticos da governadora Raquel Lyra (PSD).<\/span><\/p>\n<p style=\"text-align: justify;\"><span style=\"font-size: 14pt;\">Em v\u00eddeo publicado nas redes sociais, o socialista afirmou que a den\u00fancia que vem fazendo h\u00e1 mais de um ano teria sido refor\u00e7ada pelo conte\u00fado exibido pela emissora e defendeu a apura\u00e7\u00e3o do caso.<\/span><\/p>\n<p style=\"text-align: justify;\"><span style=\"font-size: 14pt;\">\u201cVenho denunciando a exist\u00eancia de um gabinete do \u00f3dio, que tem atacado a mim, meus aliados, minha fam\u00edlia e minha esposa de forma covarde, caluniosa, mentirosa, difamat\u00f3ria. Isso \u00e9 muito grave\u201d, afirmou Jo\u00e3o.<\/span><\/p>\n<p style=\"text-align: justify;\"><span style=\"font-size: 14pt;\">Segundo o candidato, a reportagem trouxe elementos que, em sua avalia\u00e7\u00e3o, comprovam a exist\u00eancia da estrutura e apontou para uma poss\u00edvel liga\u00e7\u00e3o com o Governo de Pernambuco. \u201cA mat\u00e9ria em rede nacional revela e comprova a exist\u00eancia desse gabinete e o que \u00e9 mais grave: um pr\u00f3prio servidor relata que as decis\u00f5es s\u00e3o tomadas dentro do Pal\u00e1cio do Governo. Isso \u00e9 criminoso, isso \u00e9 absurdo, n\u00e3o vale tudo na pol\u00edtica, ou em uma elei\u00e7\u00e3o\u201d, declarou.<\/span><\/p>\n<p style=\"text-align: justify;\"><span style=\"font-size: 14pt;\">Jo\u00e3o tamb\u00e9m informou que sua equipe jur\u00eddica dever\u00e1 adotar medidas diante das informa\u00e7\u00f5es apresentadas. Para o candidato, uma eventual utiliza\u00e7\u00e3o da estrutura do Estado para ataques pol\u00edticos ultrapassaria os limites da disputa eleitoral.<\/span><\/p>\n<p style=\"text-align: justify;\"><span style=\"font-size: 14pt;\">\u201cQuem senta na cadeira para governar Pernambuco n\u00e3o pode estar coordenando uma mil\u00edcia digital, n\u00e3o pode estar criando uma rede do \u00f3dio, porque isso n\u00e3o vale em uma democracia\u201d, disse.<\/span><\/p>\n","protected":false},"excerpt":{"rendered":"<p>O candidato ao Governo de Pernambuco Jo&atilde;o Campos (PSB) reagiu, na manh&atilde; desta quarta-feira (26), &agrave; reportagem exibida em rede nacional pela TV Record que aponta a exist&ecirc;ncia de um suposto &ldquo;gabinete do &oacute;dio&rdquo; voltado &agrave; produ&ccedil;&atilde;o e dissemina&ccedil;&atilde;o de ataques contra advers&aacute;rios pol&iacute;ticos da governadora Raquel Lyra (PSD). Em v&iacute;deo publicado nas redes sociais, &#8230; <a title=\"Jo\u00e3o Campos acusa Governo de Pernambuco de coordenar suposta &#8220;mil\u00edcia digital&#8221;\" class=\"read-more\" href=\"https:\/\/afogadosonline.com.br\/index.php\/2026\/08\/26\/joao-campos-acusa-governo-de-pernambuco-de-coordenar-suposta-milicia-digital\/\" aria-label=\"Read more about Jo\u00e3o Campos acusa Governo de Pernambuco de coordenar suposta &#8220;mil\u00edcia digital&#8221;\">Ler mais<\/a><\/p>\n","protected":false},"author":2,"featured_media":0,"comment_status":"closed","ping_status":"closed","sticky":false,"template":"","format":"standard","meta":{"footnotes":""},"categories":[2],"tags":[],"class_list":["post-40738","post","type-post","status-publish","format-standard","hentry","category-uncategorised"],"_links":{"self":[{"href":"https:\/\/afogadosonline.com.br\/index.php\/wp-json\/wp\/v2\/posts\/40738"}],"collection":[{"href":"https:\/\/afogadosonline.com.br\/index.php\/wp-json\/wp\/v2\/posts"}],"about":[{"href":"https:\/\/afogadosonline.com.br\/index.php\/wp-json\/wp\/v2\/types\/post"}],"author":[{"embeddable":true,"href":"https:\/\/afogadosonline.com.br\/index.php\/wp-json\/wp\/v2\/users\/2"}],"replies":[{"embeddable":true,"href":"https:\/\/afogadosonline.com.br\/index.php\/wp-json\/wp\/v2\/comments?post=40738"}],"version-history":[{"count":1,"href":"https:\/\/afogadosonline.com.br\/index.php\/wp-json\/wp\/v2\/posts\/40738\/revisions"}],"predecessor-version":[{"id":40739,"href":"https:\/\/afogadosonline.com.br\/index.php\/wp-json\/wp\/v2\/posts\/40738\/revisions\/40739"}],"wp:attachment":[{"href":"https:\/\/afogadosonline.com.br\/index.php\/wp-json\/wp\/v2\/media?parent=40738"}],"wp:term":[{"taxonomy":"category","embeddable":true,"href":"https:\/\/afogadosonline.com.br\/index.php\/wp-json\/wp\/v2\/categories?post=40738"},{"taxonomy":"post_tag","embeddable":true,"href":"https:\/\/afogadosonline.com.br\/index.php\/wp-json\/wp\/v2\/tags?post=40738"}],"curies":[{"name":"wp","href":"https:\/\/api.w.org\/{rel}","templated":true}]}}