{"id":40734,"date":"2026-08-25T22:07:43","date_gmt":"2026-08-26T01:07:43","guid":{"rendered":"https:\/\/afogadosonline.com.br\/?p=40734"},"modified":"2026-08-25T22:07:43","modified_gmt":"2026-08-26T01:07:43","slug":"quaest-em-pe-68-aprovam-e-24-desaprovam-governo-de-raquel-lyra","status":"publish","type":"post","link":"https:\/\/afogadosonline.com.br\/index.php\/2026\/08\/25\/quaest-em-pe-68-aprovam-e-24-desaprovam-governo-de-raquel-lyra\/","title":{"rendered":"Quaest em PE: 68% aprovam e 24% desaprovam governo de Raquel Lyra"},"content":{"rendered":"<p><img fetchpriority=\"high\" decoding=\"async\" class=\"aligncenter\" src=\"https:\/\/www.brasildefato.com.br\/wp-content\/uploads\/2024\/09\/image_processing20221030-25360-g3al80.jpeg\" alt=\"Raquel Lyra (PSDB) \u00e9 eleita a primeira governadora de Pernambuco | Brasil  de Fato\" width=\"633\" height=\"399\" \/><\/p>\n<p style=\"text-align: justify;\"><span style=\"font-size: 14pt;\">Pesquisa Quaest divulgada nesta ter\u00e7a-feira (25) mostra como est\u00e1 a avalia\u00e7\u00e3o do governo de Raquel Lyra (PSD) e os \u00edndices de aprova\u00e7\u00e3o e desaprova\u00e7\u00e3o. O levantamento foi encomendado pela Globo.<\/span><\/p>\n<p style=\"text-align: justify;\"><span style=\"font-size: 14pt;\"><strong>Aprova\u00e7\u00e3o do governo<\/strong><\/span><\/p>\n<ul style=\"text-align: justify;\">\n<li><span style=\"font-size: 14pt;\">Aprova: 68%<\/span><\/li>\n<li><span style=\"font-size: 14pt;\">Desaprova: 24%<\/span><\/li>\n<li><span style=\"font-size: 14pt;\">N\u00e3o sabe\/n\u00e3o respondeu: 8%<\/span><\/li>\n<\/ul>\n<p style=\"text-align: justify;\"><span style=\"font-size: 14pt;\"><strong>Avalia\u00e7\u00e3o do governo<\/strong><\/span><\/p>\n<ul style=\"text-align: justify;\">\n<li><span style=\"font-size: 14pt;\">Positivo: 46%<\/span><\/li>\n<li><span style=\"font-size: 14pt;\">Regular: 33%<\/span><\/li>\n<li><span style=\"font-size: 14pt;\">Negativo: 16%<\/span><\/li>\n<li><span style=\"font-size: 14pt;\">N\u00e3o sabe\/n\u00e3o respondeu: 5%<\/span><\/li>\n<\/ul>\n<p style=\"text-align: justify;\"><span style=\"font-size: 14pt;\"><strong>Raquel Lyra merece ser reeleita?<\/strong><\/span><\/p>\n<ul style=\"text-align: justify;\">\n<li><span style=\"font-size: 14pt;\">Sim, merece: 61%<\/span><\/li>\n<li><span style=\"font-size: 14pt;\">N\u00e3o: 33%<\/span><\/li>\n<li><span style=\"font-size: 14pt;\">N\u00e3o sabe\/n\u00e3o respondeu: 6%<\/span><\/li>\n<\/ul>\n<p style=\"text-align: justify;\"><span style=\"font-size: 14pt;\">A Quaest ouviu 1.302 pessoas de 16 anos ou mais entre os dias 21 e 24 de agosto. A margem de erro \u00e9 de tr\u00eas pontos percentuais, para mais ou para menos, e o n\u00edvel de confian\u00e7a \u00e9 de 95%. O n\u00famero de registro no TSE \u00e9 PE-07828\/2026.<\/span><\/p>\n","protected":false},"excerpt":{"rendered":"<p>Pesquisa Quaest divulgada nesta ter&ccedil;a-feira (25) mostra como est&aacute; a avalia&ccedil;&atilde;o do governo de Raquel Lyra (PSD) e os &iacute;ndices de aprova&ccedil;&atilde;o e desaprova&ccedil;&atilde;o. O levantamento foi encomendado pela Globo. Aprova&ccedil;&atilde;o do governo Aprova: 68% Desaprova: 24% N&atilde;o sabe\/n&atilde;o respondeu: 8% Avalia&ccedil;&atilde;o do governo Positivo: 46% Regular: 33% Negativo: 16% N&atilde;o sabe\/n&atilde;o respondeu: 5% Raquel &#8230; <a title=\"Quaest em PE: 68% aprovam e 24% desaprovam governo de Raquel Lyra\" class=\"read-more\" href=\"https:\/\/afogadosonline.com.br\/index.php\/2026\/08\/25\/quaest-em-pe-68-aprovam-e-24-desaprovam-governo-de-raquel-lyra\/\" aria-label=\"Read more about Quaest em PE: 68% aprovam e 24% desaprovam governo de Raquel Lyra\">Ler mais<\/a><\/p>\n","protected":false},"author":2,"featured_media":0,"comment_status":"closed","ping_status":"closed","sticky":false,"template":"","format":"standard","meta":{"footnotes":""},"categories":[2],"tags":[],"class_list":["post-40734","post","type-post","status-publish","format-standard","hentry","category-uncategorised"],"_links":{"self":[{"href":"https:\/\/afogadosonline.com.br\/index.php\/wp-json\/wp\/v2\/posts\/40734"}],"collection":[{"href":"https:\/\/afogadosonline.com.br\/index.php\/wp-json\/wp\/v2\/posts"}],"about":[{"href":"https:\/\/afogadosonline.com.br\/index.php\/wp-json\/wp\/v2\/types\/post"}],"author":[{"embeddable":true,"href":"https:\/\/afogadosonline.com.br\/index.php\/wp-json\/wp\/v2\/users\/2"}],"replies":[{"embeddable":true,"href":"https:\/\/afogadosonline.com.br\/index.php\/wp-json\/wp\/v2\/comments?post=40734"}],"version-history":[{"count":1,"href":"https:\/\/afogadosonline.com.br\/index.php\/wp-json\/wp\/v2\/posts\/40734\/revisions"}],"predecessor-version":[{"id":40735,"href":"https:\/\/afogadosonline.com.br\/index.php\/wp-json\/wp\/v2\/posts\/40734\/revisions\/40735"}],"wp:attachment":[{"href":"https:\/\/afogadosonline.com.br\/index.php\/wp-json\/wp\/v2\/media?parent=40734"}],"wp:term":[{"taxonomy":"category","embeddable":true,"href":"https:\/\/afogadosonline.com.br\/index.php\/wp-json\/wp\/v2\/categories?post=40734"},{"taxonomy":"post_tag","embeddable":true,"href":"https:\/\/afogadosonline.com.br\/index.php\/wp-json\/wp\/v2\/tags?post=40734"}],"curies":[{"name":"wp","href":"https:\/\/api.w.org\/{rel}","templated":true}]}}