{"id":40730,"date":"2026-08-25T21:49:29","date_gmt":"2026-08-26T00:49:29","guid":{"rendered":"https:\/\/afogadosonline.com.br\/?p=40730"},"modified":"2026-08-25T21:49:29","modified_gmt":"2026-08-26T00:49:29","slug":"quaest-em-pe-lula-54-flavio-bolsonaro-19-caiado-3-renan-santos-2-augusto-cury-1-zema-1","status":"publish","type":"post","link":"https:\/\/afogadosonline.com.br\/index.php\/2026\/08\/25\/quaest-em-pe-lula-54-flavio-bolsonaro-19-caiado-3-renan-santos-2-augusto-cury-1-zema-1\/","title":{"rendered":"Quaest em PE: Lula, 54%; Fl\u00e1vio Bolsonaro, 19%; Caiado, 3%; Renan Santos; 2%; Augusto Cury, 1%; Zema, 1%"},"content":{"rendered":"<p><img fetchpriority=\"high\" decoding=\"async\" class=\"aligncenter\" src=\"https:\/\/s2-oglobo.glbimg.com\/SD6dzvUndbDMsJQaIJc2dAKGKn8=\/0x0:2000x1194\/888x0\/smart\/filters:strip_icc()\/i.s3.glbimg.com\/v1\/AUTH_da025474c0c44edd99332dddb09cabe8\/internal_photos\/bs\/2026\/y\/Y\/XBxZbCRgeOgPWVidNFdg\/arte-2026-08-05t224231.856.png\" alt=\"Sem confirmar presen\u00e7a em debate, Fl\u00e1vio Bolsonaro e Lula n\u00e3o t\u00eam agendas  neste domingo\" width=\"635\" height=\"379\" \/><\/p>\n<p style=\"text-align: justify;\"><span style=\"font-size: 14pt;\">Pesquisa Quaest divulgada nesta ter\u00e7a-feira (25) mostra como est\u00e1 a disputa pela Presid\u00eancia da Rep\u00fablica no 1\u00ba turno entre os eleitores de Pernambuco. O levantamento foi encomendado pela Globo.<\/span><\/p>\n<p style=\"text-align: justify;\"><span style=\"font-size: 14pt;\">Veja, abaixo, os resultados da pesquisa estimulada, em que a Quaest mostra a lista de candidatos aos eleitores entrevistados. A lista inclui Pablo Mar\u00e7al (PRTB), que registrou candidatura apesar de estar ineleg\u00edvel. O Tribunal Superior Eleitoral (TSE) vai julgar se ele est\u00e1 apto a concorrer.<\/span><\/p>\n<p style=\"text-align: justify;\"><span style=\"font-size: 14pt;\"><strong>Cen\u00e1rio sem Pablo Mar\u00e7al:<\/strong><\/span><\/p>\n<ul>\n<li style=\"text-align: justify;\"><span style=\"font-size: 14pt;\">Lula (PT): 54%<\/span><\/li>\n<li style=\"text-align: justify;\"><span style=\"font-size: 14pt;\">Fl\u00e1vio Bolsonaro (PL): 19%<\/span><\/li>\n<li style=\"text-align: justify;\"><span style=\"font-size: 14pt;\">Ronaldo Caiado (PSD): 3%<\/span><\/li>\n<li style=\"text-align: justify;\"><span style=\"font-size: 14pt;\">Renan Santos (Miss\u00e3o): 2%<\/span><\/li>\n<li style=\"text-align: justify;\"><span style=\"font-size: 14pt;\">Escritor Augusto Cury (Avante): 1%<\/span><\/li>\n<li style=\"text-align: justify;\"><span style=\"font-size: 14pt;\">Romeu Zema (Novo): 1%<\/span><\/li>\n<li style=\"text-align: justify;\"><span style=\"font-size: 14pt;\">Rui Costa Pimenta (PCO): 0%<\/span><\/li>\n<li style=\"text-align: justify;\"><span style=\"font-size: 14pt;\">Samara Martins (UP): 0%<\/span><\/li>\n<li style=\"text-align: justify;\"><span style=\"font-size: 14pt;\">Veterin\u00e1rio Wilson Grassi (Democrata): 0%<\/span><\/li>\n<li style=\"text-align: justify;\"><span style=\"font-size: 14pt;\">Clariana Bar\u00e3o (DC): 0%<\/span><\/li>\n<li style=\"text-align: justify;\"><span style=\"font-size: 14pt;\">Edmilson Costa (PCB): 0%<\/span><\/li>\n<li style=\"text-align: justify;\"><span style=\"font-size: 14pt;\">Hertz Dias (PSTU): 0%<\/span><\/li>\n<li style=\"text-align: justify;\"><span style=\"font-size: 14pt;\">Indecisos: 11%<\/span><\/li>\n<li style=\"text-align: justify;\"><span style=\"font-size: 14pt;\">Branco\/nulo\/n\u00e3o vai votar: 9%<\/span><\/li>\n<\/ul>\n<p style=\"text-align: justify;\"><span style=\"font-size: 14pt;\"><strong>Cen\u00e1rio com Pablo Mar\u00e7al:<\/strong><\/span><\/p>\n<ul>\n<li style=\"text-align: justify;\"><span style=\"font-size: 14pt;\">Lula (PT): 55%<\/span><\/li>\n<li style=\"text-align: justify;\"><span style=\"font-size: 14pt;\">Fl\u00e1vio Bolsonaro (PL): 19%<\/span><\/li>\n<li style=\"text-align: justify;\"><span style=\"font-size: 14pt;\">Ronaldo Caiado (PSD): 2%<\/span><\/li>\n<li style=\"text-align: justify;\"><span style=\"font-size: 14pt;\">Renan Santos (Miss\u00e3o): 2%<\/span><\/li>\n<li style=\"text-align: justify;\"><span style=\"font-size: 14pt;\">Pablo Mar\u00e7al (PRTB): 1%<\/span><\/li>\n<li style=\"text-align: justify;\"><span style=\"font-size: 14pt;\">Romeu Zema (Novo): 1%<\/span><\/li>\n<li style=\"text-align: justify;\"><span style=\"font-size: 14pt;\">Escritor Augusto Cury (Avante): 0%<\/span><\/li>\n<li style=\"text-align: justify;\"><span style=\"font-size: 14pt;\">Rui Costa Pimenta (PCO): 0%<\/span><\/li>\n<li style=\"text-align: justify;\"><span style=\"font-size: 14pt;\">Samara Martins (UP): 0%<\/span><\/li>\n<li style=\"text-align: justify;\"><span style=\"font-size: 14pt;\">Veterin\u00e1rio Wilson Grassi (Democrata): 0%<\/span><\/li>\n<li style=\"text-align: justify;\"><span style=\"font-size: 14pt;\">Clariana Bar\u00e3o (DC): 0%<\/span><\/li>\n<li style=\"text-align: justify;\"><span style=\"font-size: 14pt;\">Edmilson Costa (PCB): 0%<\/span><\/li>\n<li style=\"text-align: justify;\"><span style=\"font-size: 14pt;\">Hertz Dias (PSTU): 0%<\/span><\/li>\n<li style=\"text-align: justify;\"><span style=\"font-size: 14pt;\">Indecisos: 10%<\/span><\/li>\n<li style=\"text-align: justify;\"><span style=\"font-size: 14pt;\">Branco\/nulo\/n\u00e3o vai votar: 10%<\/span><\/li>\n<\/ul>\n<p style=\"text-align: justify;\"><span style=\"font-size: 14pt;\">A Quaest ouviu 1.302 pessoas de 16 anos ou mais entre os dias 21 e 24 de agosto. A margem de erro \u00e9 de tr\u00eas pontos percentuais, para mais ou para menos, e o n\u00edvel de confian\u00e7a \u00e9 de 95%. O n\u00famero de registro no TSE \u00e9 PE-07828\/2026.<\/span><\/p>\n<p style=\"text-align: justify;\"><span style=\"font-size: 14pt;\">Para 81% dos eleitores ouvidos no levantamento, a escolha do candidato \u00e0 Presid\u00eancia \u00e9 definitiva. Outros 18% dizem que ainda podem mudar o voto at\u00e9 as elei\u00e7\u00f5es, em 4 de outubro. Um por cento n\u00e3o soube ou n\u00e3o respondeu.<\/span><\/p>\n","protected":false},"excerpt":{"rendered":"<p>Pesquisa Quaest divulgada nesta ter&ccedil;a-feira (25) mostra como est&aacute; a disputa pela Presid&ecirc;ncia da Rep&uacute;blica no 1&ordm; turno entre os eleitores de Pernambuco. O levantamento foi encomendado pela Globo. Veja, abaixo, os resultados da pesquisa estimulada, em que a Quaest mostra a lista de candidatos aos eleitores entrevistados. A lista inclui Pablo Mar&ccedil;al (PRTB), que &#8230; <a title=\"Quaest em PE: Lula, 54%; Fl\u00e1vio Bolsonaro, 19%; Caiado, 3%; Renan Santos; 2%; Augusto Cury, 1%; Zema, 1%\" class=\"read-more\" href=\"https:\/\/afogadosonline.com.br\/index.php\/2026\/08\/25\/quaest-em-pe-lula-54-flavio-bolsonaro-19-caiado-3-renan-santos-2-augusto-cury-1-zema-1\/\" aria-label=\"Read more about Quaest em PE: Lula, 54%; Fl\u00e1vio Bolsonaro, 19%; Caiado, 3%; Renan Santos; 2%; Augusto Cury, 1%; Zema, 1%\">Ler mais<\/a><\/p>\n","protected":false},"author":2,"featured_media":0,"comment_status":"closed","ping_status":"closed","sticky":false,"template":"","format":"standard","meta":{"footnotes":""},"categories":[2],"tags":[],"class_list":["post-40730","post","type-post","status-publish","format-standard","hentry","category-uncategorised"],"_links":{"self":[{"href":"https:\/\/afogadosonline.com.br\/index.php\/wp-json\/wp\/v2\/posts\/40730"}],"collection":[{"href":"https:\/\/afogadosonline.com.br\/index.php\/wp-json\/wp\/v2\/posts"}],"about":[{"href":"https:\/\/afogadosonline.com.br\/index.php\/wp-json\/wp\/v2\/types\/post"}],"author":[{"embeddable":true,"href":"https:\/\/afogadosonline.com.br\/index.php\/wp-json\/wp\/v2\/users\/2"}],"replies":[{"embeddable":true,"href":"https:\/\/afogadosonline.com.br\/index.php\/wp-json\/wp\/v2\/comments?post=40730"}],"version-history":[{"count":1,"href":"https:\/\/afogadosonline.com.br\/index.php\/wp-json\/wp\/v2\/posts\/40730\/revisions"}],"predecessor-version":[{"id":40731,"href":"https:\/\/afogadosonline.com.br\/index.php\/wp-json\/wp\/v2\/posts\/40730\/revisions\/40731"}],"wp:attachment":[{"href":"https:\/\/afogadosonline.com.br\/index.php\/wp-json\/wp\/v2\/media?parent=40730"}],"wp:term":[{"taxonomy":"category","embeddable":true,"href":"https:\/\/afogadosonline.com.br\/index.php\/wp-json\/wp\/v2\/categories?post=40730"},{"taxonomy":"post_tag","embeddable":true,"href":"https:\/\/afogadosonline.com.br\/index.php\/wp-json\/wp\/v2\/tags?post=40730"}],"curies":[{"name":"wp","href":"https:\/\/api.w.org\/{rel}","templated":true}]}}