{"id":40337,"date":"2026-07-20T09:42:27","date_gmt":"2026-07-20T12:42:27","guid":{"rendered":"https:\/\/afogadosonline.com.br\/?p=40337"},"modified":"2026-07-20T09:42:27","modified_gmt":"2026-07-20T12:42:27","slug":"prf-retem-425-toneladas-de-milho-sem-nota-fiscal-em-garanhuns","status":"publish","type":"post","link":"https:\/\/afogadosonline.com.br\/index.php\/2026\/07\/20\/prf-retem-425-toneladas-de-milho-sem-nota-fiscal-em-garanhuns\/","title":{"rendered":"PRF ret\u00e9m 42,5 toneladas de milho sem nota fiscal em Garanhuns"},"content":{"rendered":"<p><img fetchpriority=\"high\" decoding=\"async\" class=\"aligncenter\" src=\"https:\/\/www.diariodepernambuco.com.br\/_midias\/jpg\/2026\/07\/18\/bitrem-923352.jpg\" alt=\"Tac\u00f3grafo do caminh\u00e3o estava quebrado\/PRF\/divulga\u00e7\u00e3o\" width=\"638\" height=\"425\" \/><\/p>\n<p style=\"text-align: justify;\"><span style=\"font-size: 14pt;\">Uma carga de 42,5 toneladas de milho que era transportada sem a documenta\u00e7\u00e3o fiscal foi retida pela Pol\u00edcia Rodovi\u00e1ria Federal (PRF) neste s\u00e1bado (18), na BR-423, em Garanhuns, no Agreste. A mercadoria havia sa\u00eddo de Eduardo Magalh\u00e3es, na Bahia, com destino \u00e0 cidade de Lajedo, tamb\u00e9m no Agreste.<\/span><\/p>\n<p style=\"text-align: justify;\"><span style=\"font-size: 14pt;\">O carregamento era transportado por um caminh\u00e3o bitrem, interceptado durante a Opera\u00e7\u00e3o Festival de Inverno. Aos policiais, o motorista informou que n\u00e3o possu\u00eda a documenta\u00e7\u00e3o fiscal da carga nem a Autoriza\u00e7\u00e3o Especial de Tr\u00e2nsito (AET), que \u00e9 obrigat\u00f3ria para esse tipo de ve\u00edculo. Al\u00e9m disso, o tac\u00f3grafo &#8211; equipamento que registra o tempo de dire\u00e7\u00e3o, a velocidade e a dist\u00e2ncia percorrida &#8211; do ve\u00edculo estava quebrado.<\/span><\/p>\n<p style=\"text-align: justify;\"><span style=\"font-size: 14pt;\">O bitrem e a carga de milho foram encaminhados ao p\u00e1tio. A Secretaria Estadual da Fazenda (Sefaz) foi acionada para providenciar a regulariza\u00e7\u00e3o fiscal da mercadoria.<\/span><\/p>\n","protected":false},"excerpt":{"rendered":"<p>Uma carga de 42,5 toneladas de milho que era transportada sem a documenta&ccedil;&atilde;o fiscal foi retida pela Pol&iacute;cia Rodovi&aacute;ria Federal (PRF) neste s&aacute;bado (18), na BR-423, em Garanhuns, no Agreste. A mercadoria havia sa&iacute;do de Eduardo Magalh&atilde;es, na Bahia, com destino &agrave; cidade de Lajedo, tamb&eacute;m no Agreste. O carregamento era transportado por um caminh&atilde;o &#8230; <a title=\"PRF ret\u00e9m 42,5 toneladas de milho sem nota fiscal em Garanhuns\" class=\"read-more\" href=\"https:\/\/afogadosonline.com.br\/index.php\/2026\/07\/20\/prf-retem-425-toneladas-de-milho-sem-nota-fiscal-em-garanhuns\/\" aria-label=\"Read more about PRF ret\u00e9m 42,5 toneladas de milho sem nota fiscal em Garanhuns\">Ler mais<\/a><\/p>\n","protected":false},"author":2,"featured_media":0,"comment_status":"closed","ping_status":"closed","sticky":false,"template":"","format":"standard","meta":{"footnotes":""},"categories":[2],"tags":[],"class_list":["post-40337","post","type-post","status-publish","format-standard","hentry","category-uncategorised"],"_links":{"self":[{"href":"https:\/\/afogadosonline.com.br\/index.php\/wp-json\/wp\/v2\/posts\/40337"}],"collection":[{"href":"https:\/\/afogadosonline.com.br\/index.php\/wp-json\/wp\/v2\/posts"}],"about":[{"href":"https:\/\/afogadosonline.com.br\/index.php\/wp-json\/wp\/v2\/types\/post"}],"author":[{"embeddable":true,"href":"https:\/\/afogadosonline.com.br\/index.php\/wp-json\/wp\/v2\/users\/2"}],"replies":[{"embeddable":true,"href":"https:\/\/afogadosonline.com.br\/index.php\/wp-json\/wp\/v2\/comments?post=40337"}],"version-history":[{"count":1,"href":"https:\/\/afogadosonline.com.br\/index.php\/wp-json\/wp\/v2\/posts\/40337\/revisions"}],"predecessor-version":[{"id":40338,"href":"https:\/\/afogadosonline.com.br\/index.php\/wp-json\/wp\/v2\/posts\/40337\/revisions\/40338"}],"wp:attachment":[{"href":"https:\/\/afogadosonline.com.br\/index.php\/wp-json\/wp\/v2\/media?parent=40337"}],"wp:term":[{"taxonomy":"category","embeddable":true,"href":"https:\/\/afogadosonline.com.br\/index.php\/wp-json\/wp\/v2\/categories?post=40337"},{"taxonomy":"post_tag","embeddable":true,"href":"https:\/\/afogadosonline.com.br\/index.php\/wp-json\/wp\/v2\/tags?post=40337"}],"curies":[{"name":"wp","href":"https:\/\/api.w.org\/{rel}","templated":true}]}}