{"id":40324,"date":"2026-07-17T11:13:22","date_gmt":"2026-07-17T14:13:22","guid":{"rendered":"https:\/\/afogadosonline.com.br\/?p=40324"},"modified":"2026-07-17T11:13:22","modified_gmt":"2026-07-17T14:13:22","slug":"eleicoes-2026-convencoes-partidarias-para-escolha-de-candidatos-comecam-na-segunda-20","status":"publish","type":"post","link":"https:\/\/afogadosonline.com.br\/index.php\/2026\/07\/17\/eleicoes-2026-convencoes-partidarias-para-escolha-de-candidatos-comecam-na-segunda-20\/","title":{"rendered":"Elei\u00e7\u00f5es 2026: conven\u00e7\u00f5es partid\u00e1rias para escolha de candidatos come\u00e7am na segunda (20)"},"content":{"rendered":"<p><img fetchpriority=\"high\" decoding=\"async\" class=\"aligncenter\" src=\"https:\/\/www.tse.jus.br\/imagens\/fotos\/logo-eleicoes-2026-atualizada\/@@images\/image-1140-8b460ee5d392b64760b6d0473a485619.jpeg\" alt=\"Logo Elei\u00e7\u00f5es 2026 atualizada\" width=\"610\" height=\"295\" \/><\/p>\n<p style=\"text-align: justify;\"><span style=\"font-size: 14pt;\">A partir da pr\u00f3xima segunda-feira (20), abre-se um dos prazos mais importantes do calend\u00e1rio eleitoral: o per\u00edodo para a realiza\u00e7\u00e3o das conven\u00e7\u00f5es partid\u00e1rias. At\u00e9 5 de agosto, os partidos pol\u00edticos e as federa\u00e7\u00f5es partid\u00e1rias estar\u00e3o autorizados a deliberar sobre a forma\u00e7\u00e3o de coliga\u00e7\u00f5es e a escolher oficialmente suas candidatas e seus candidatos para as Elei\u00e7\u00f5es Gerais de 2026.<\/span><\/p>\n<p style=\"text-align: justify;\"><span style=\"font-size: 14pt;\">Neste ano, o eleitorado ir\u00e1 \u00e0s urnas para eleger os ocupantes dos cargos de presidente e vice-presidente da Rep\u00fablica, governador e vice-governador, senador (duas vagas), deputado federal e deputado estadual ou distrital.<\/span><\/p>\n<p style=\"text-align: justify;\"><span style=\"font-size: 14pt;\">Confira as regras que as agremia\u00e7\u00f5es devem observar para garantir a validade de suas decis\u00f5es. Afinal, para que tudo corra de forma regular at\u00e9 a escolha da eleitora e do eleitor nas urnas, cada etapa precisa ser rigorosamente cumprida.<\/span><\/p>\n<p style=\"text-align: justify;\"><span style=\"font-size: 14pt;\"><strong>Passo a passo das conven\u00e7\u00f5es<\/strong> <\/span><\/p>\n<p style=\"text-align: justify;\"><span style=\"font-size: 14pt;\">As conven\u00e7\u00f5es devem seguir regras estritas de organiza\u00e7\u00e3o e registro estabelecidas pela Lei das Elei\u00e7\u00f5es (Lei n\u00ba 9.504\/1997) e pela Resolu\u00e7\u00e3o n\u00ba 23.609\/2019 do TSE. Confira:<\/span><\/p>\n<p style=\"text-align: justify;\"><span style=\"font-size: 14pt;\"><strong>Delibera\u00e7\u00e3o e escolha<\/strong> <\/span><\/p>\n<p style=\"text-align: justify;\"><span style=\"font-size: 14pt;\">De 20 de julho a 5 de agosto, partidos e federa\u00e7\u00f5es podem realizar encontros (presenciais, virtuais ou h\u00edbridos) para escolher candidatas e candidatos e formalizar as coliga\u00e7\u00f5es para os cargos majorit\u00e1rios e proporcionais.<\/span><\/p>\n<p style=\"text-align: justify;\"><span style=\"font-size: 14pt;\"><strong>Regularidade dos \u00f3rg\u00e3os de dire\u00e7\u00e3o<\/strong> <\/span><\/p>\n<p style=\"text-align: justify;\"><span style=\"font-size: 14pt;\">Na data da realiza\u00e7\u00e3o da conven\u00e7\u00e3o, a estrutura do partido ou federa\u00e7\u00e3o deve estar juridicamente regular na circunscri\u00e7\u00e3o do pleito:<\/span><\/p>\n<ul>\n<li style=\"text-align: justify;\"><span style=\"font-size: 14pt;\">Partidos pol\u00edticos: devem possuir \u00f3rg\u00e3o de dire\u00e7\u00e3o devidamente constitu\u00eddo e anotado no respectivo tribunal regional eleitoral (TRE), conforme o estatuto partid\u00e1rio.<\/span><\/li>\n<li style=\"text-align: justify;\"><span style=\"font-size: 14pt;\">Federa\u00e7\u00f5es: devem contar com pelo menos um partido pol\u00edtico em sua composi\u00e7\u00e3o que atenda aos requisitos de \u00f3rg\u00e3o de dire\u00e7\u00e3o anotado e regular na respectiva circunscri\u00e7\u00e3o.<\/span><\/li>\n<\/ul>\n<p style=\"text-align: justify;\"><span style=\"font-size: 14pt;\"><strong>Ata e lista de presen\u00e7a<\/strong> <\/span><\/p>\n<p style=\"text-align: justify;\"><span style=\"font-size: 14pt;\">O arquivo gerado a partir da ata da conven\u00e7\u00e3o e a lista de presen\u00e7a das pessoas participantes devem ser digitados obrigatoriamente no M\u00f3dulo Externo do Sistema de Candidaturas (CANDex).<\/span><\/p>\n<p style=\"text-align: justify;\"><span style=\"font-size: 14pt;\">A transmiss\u00e3o dos dados \u00e0 Justi\u00e7a Eleitoral deve ser feita via internet at\u00e9 o dia seguinte ao da realiza\u00e7\u00e3o do evento.<\/span><\/p>\n<p style=\"text-align: justify;\"><span style=\"font-size: 14pt;\"><strong>Inscri\u00e7\u00e3o e emiss\u00e3o de CNPJ<\/strong> <\/span><\/p>\n<p style=\"text-align: justify;\"><span style=\"font-size: 14pt;\">A partir do recebimento dos pedidos de registro de candidaturas apresentados pelos partidos, federa\u00e7\u00f5es ou coliga\u00e7\u00f5es, a Justi\u00e7a Eleitoral enviar\u00e1 os dados diretamente \u00e0 Secretaria da Receita Federal para emiss\u00e3o do CNPJ de campanha. O \u00f3rg\u00e3o fiscal federal ter\u00e1 o prazo de at\u00e9 tr\u00eas dias \u00fateis para atender \u00e0 solicita\u00e7\u00e3o.<\/span><\/p>\n<p style=\"text-align: justify;\"><span style=\"font-size: 14pt;\"><strong>Aten\u00e7\u00e3o quanto \u00e0s federa\u00e7\u00f5es<\/strong> <\/span><\/p>\n<p style=\"text-align: justify;\"><span style=\"font-size: 14pt;\">Diferentemente das coliga\u00e7\u00f5es, que valem apenas para o per\u00edodo da disputa, as federa\u00e7\u00f5es partid\u00e1rias atuam como uma \u00fanica associa\u00e7\u00e3o, por um per\u00edodo m\u00ednimo de quatro anos.<\/span><\/p>\n<p style=\"text-align: justify;\"><span style=\"font-size: 14pt;\">Por esse motivo, n\u00e3o ser\u00e1 recebida ata de conven\u00e7\u00e3o apresentada de forma isolada por partido que integre federa\u00e7\u00e3o. As decis\u00f5es, escolha de candidatos e distribui\u00e7\u00e3o de vagas devem ser consolidadas e transmitidas em documento unificado da respectiva federa\u00e7\u00e3o.<\/span><\/p>\n<p style=\"text-align: justify;\"><span style=\"font-size: 14pt;\"><strong>Novidades do CANDex<\/strong> <\/span><\/p>\n<p style=\"text-align: justify;\"><span style=\"font-size: 14pt;\">Uma das maiores evolu\u00e7\u00f5es para este ciclo eleitoral est\u00e1 na operacionaliza\u00e7\u00e3o dos dados. Agora, o CANDex funciona inteiramente em plataforma Web, permitindo acesso seguro de qualquer dispositivo conectado \u00e0 internet, sem necessidade de atualiza\u00e7\u00f5es manuais de software pelas legendas.<\/span><\/p>\n<p style=\"text-align: justify;\"><span style=\"font-size: 14pt;\">A mudan\u00e7a traz impactos pr\u00e1ticos para os partidos e federa\u00e7\u00f5es:<\/span><\/p>\n<ul>\n<li style=\"text-align: justify;\"><span style=\"font-size: 14pt;\">Autentica\u00e7\u00e3o e seguran\u00e7a: o acesso de presidentes e delegados partid\u00e1rios passa a exigir autentica\u00e7\u00e3o robusta por meio de credenciais do aplicativo e-T\u00edtulo ou da conta Gov.br, obrigatoriamente com duplo fator de autentica\u00e7\u00e3o (2FA), o que assegura total rastreabilidade das a\u00e7\u00f5es sist\u00eamicas.<\/span><\/li>\n<li style=\"text-align: justify;\"><span style=\"font-size: 14pt;\">Integra\u00e7\u00e3o de dados: a nova vers\u00e3o web integra-se diretamente ao cadastro eleitoral. Assim que o nome de um candidato \u00e9 inclu\u00eddo na ata de conven\u00e7\u00e3o transmitida, o CANDex realiza o pr\u00e9-preenchimento autom\u00e1tico dos dados pessoais dispon\u00edveis. Cabe \u00e0 agremia\u00e7\u00e3o conferir e validar os registros importados, mantendo a responsabilidade integral pelas informa\u00e7\u00f5es enviadas.<\/span><\/li>\n<li style=\"text-align: justify;\"><span style=\"font-size: 14pt;\">Ata e presen\u00e7a digital: o livro de ata f\u00edsico rubricado foi substitu\u00eddo pela digita\u00e7\u00e3o direta no sistema. A presen\u00e7a dos convencionais pode ser registrada e validada de forma h\u00edbrida ou digital, mediante assinatura eletr\u00f4nica ou registro biom\u00e9trico e de imagem inequ\u00edvoca dos participantes.<\/span><\/li>\n<\/ul>\n","protected":false},"excerpt":{"rendered":"<p>A partir da pr&oacute;xima segunda-feira (20), abre-se um dos prazos mais importantes do calend&aacute;rio eleitoral: o per&iacute;odo para a realiza&ccedil;&atilde;o das conven&ccedil;&otilde;es partid&aacute;rias. At&eacute; 5 de agosto, os partidos pol&iacute;ticos e as federa&ccedil;&otilde;es partid&aacute;rias estar&atilde;o autorizados a deliberar sobre a forma&ccedil;&atilde;o de coliga&ccedil;&otilde;es e a escolher oficialmente suas candidatas e seus candidatos para as Elei&ccedil;&otilde;es &#8230; <a title=\"Elei\u00e7\u00f5es 2026: conven\u00e7\u00f5es partid\u00e1rias para escolha de candidatos come\u00e7am na segunda (20)\" class=\"read-more\" href=\"https:\/\/afogadosonline.com.br\/index.php\/2026\/07\/17\/eleicoes-2026-convencoes-partidarias-para-escolha-de-candidatos-comecam-na-segunda-20\/\" aria-label=\"Read more about Elei\u00e7\u00f5es 2026: conven\u00e7\u00f5es partid\u00e1rias para escolha de candidatos come\u00e7am na segunda (20)\">Ler mais<\/a><\/p>\n","protected":false},"author":2,"featured_media":0,"comment_status":"closed","ping_status":"closed","sticky":false,"template":"","format":"standard","meta":{"footnotes":""},"categories":[2],"tags":[],"class_list":["post-40324","post","type-post","status-publish","format-standard","hentry","category-uncategorised"],"_links":{"self":[{"href":"https:\/\/afogadosonline.com.br\/index.php\/wp-json\/wp\/v2\/posts\/40324"}],"collection":[{"href":"https:\/\/afogadosonline.com.br\/index.php\/wp-json\/wp\/v2\/posts"}],"about":[{"href":"https:\/\/afogadosonline.com.br\/index.php\/wp-json\/wp\/v2\/types\/post"}],"author":[{"embeddable":true,"href":"https:\/\/afogadosonline.com.br\/index.php\/wp-json\/wp\/v2\/users\/2"}],"replies":[{"embeddable":true,"href":"https:\/\/afogadosonline.com.br\/index.php\/wp-json\/wp\/v2\/comments?post=40324"}],"version-history":[{"count":1,"href":"https:\/\/afogadosonline.com.br\/index.php\/wp-json\/wp\/v2\/posts\/40324\/revisions"}],"predecessor-version":[{"id":40325,"href":"https:\/\/afogadosonline.com.br\/index.php\/wp-json\/wp\/v2\/posts\/40324\/revisions\/40325"}],"wp:attachment":[{"href":"https:\/\/afogadosonline.com.br\/index.php\/wp-json\/wp\/v2\/media?parent=40324"}],"wp:term":[{"taxonomy":"category","embeddable":true,"href":"https:\/\/afogadosonline.com.br\/index.php\/wp-json\/wp\/v2\/categories?post=40324"},{"taxonomy":"post_tag","embeddable":true,"href":"https:\/\/afogadosonline.com.br\/index.php\/wp-json\/wp\/v2\/tags?post=40324"}],"curies":[{"name":"wp","href":"https:\/\/api.w.org\/{rel}","templated":true}]}}