{"id":40322,"date":"2026-07-17T10:36:56","date_gmt":"2026-07-17T13:36:56","guid":{"rendered":"https:\/\/afogadosonline.com.br\/?p=40322"},"modified":"2026-07-17T10:36:56","modified_gmt":"2026-07-17T13:36:56","slug":"raquel-lyra-diz-que-retomada-da-transnordestina-sera-redencao-para-pernambuco-e-agradece-a-lula","status":"publish","type":"post","link":"https:\/\/afogadosonline.com.br\/index.php\/2026\/07\/17\/raquel-lyra-diz-que-retomada-da-transnordestina-sera-redencao-para-pernambuco-e-agradece-a-lula\/","title":{"rendered":"Raquel Lyra diz que retomada da Transnordestina ser\u00e1 &#8220;reden\u00e7\u00e3o para Pernambuco&#8221; e agradece a Lula"},"content":{"rendered":"<p><img fetchpriority=\"high\" decoding=\"async\" class=\"aligncenter\" src=\"https:\/\/www.diariodepernambuco.com.br\/_midias\/jpg\/2026\/07\/16\/governadora___festa_do_carmo-922531.jpeg\" alt=\"Raquel Lyra tamb\u00e9m citou investimentos em andamento, como o Arco Metropolitano e a duplica\u00e7\u00e3o da BR-232 \/Fotos: Karol Rodrigues\" width=\"639\" height=\"426\" \/><\/p>\n<p style=\"text-align: justify;\"><span style=\"font-size: 14pt;\">Um dia ap\u00f3s o Tribunal de Contas da Uni\u00e3o (TCU) manter a suspens\u00e3o da execu\u00e7\u00e3o das obras da Transnordestina em Pernambuco, mas liberar a continuidade de licita\u00e7\u00f5es, estudos e contratos j\u00e1 firmados, a governadora Raquel Lyra (PSD) afirmou, nesta quinta-feira (16), que tem confian\u00e7a na retomada do empreendimento e classificou a ferrovia como uma \u201creden\u00e7\u00e3o para Pernambuco\u201d.<\/span><\/p>\n<p style=\"text-align: justify;\"><span style=\"font-size: 14pt;\">Durante entrevista concedida ap\u00f3s participar da celebra\u00e7\u00e3o de Nossa Senhora do Carmo, padroeira do Recife, a governadora relacionou o projeto ao desenvolvimento da infraestrutura log\u00edstica do estado e disse que a obra ser\u00e1 estrat\u00e9gica para impulsionar a economia pernambucana.<\/span><\/p>\n<p style=\"text-align: justify;\"><span style=\"font-size: 14pt;\">\u201cQuando a gente fala desses eventos religiosos, a gente tem tamb\u00e9m a movimenta\u00e7\u00e3o da nossa economia, que se movimenta pelo turismo, que \u00e9 a ind\u00fastria que mais cresce no mundo, mas se movimenta tamb\u00e9m por infraestrutura\u201d, afirmou.<\/span><\/p>\n","protected":false},"excerpt":{"rendered":"<p>Um dia ap&oacute;s o Tribunal de Contas da Uni&atilde;o (TCU) manter a suspens&atilde;o da execu&ccedil;&atilde;o das obras da Transnordestina em Pernambuco, mas liberar a continuidade de licita&ccedil;&otilde;es, estudos e contratos j&aacute; firmados, a governadora Raquel Lyra (PSD) afirmou, nesta quinta-feira (16), que tem confian&ccedil;a na retomada do empreendimento e classificou a ferrovia como uma &ldquo;reden&ccedil;&atilde;o &#8230; <a title=\"Raquel Lyra diz que retomada da Transnordestina ser\u00e1 &#8220;reden\u00e7\u00e3o para Pernambuco&#8221; e agradece a Lula\" class=\"read-more\" href=\"https:\/\/afogadosonline.com.br\/index.php\/2026\/07\/17\/raquel-lyra-diz-que-retomada-da-transnordestina-sera-redencao-para-pernambuco-e-agradece-a-lula\/\" aria-label=\"Read more about Raquel Lyra diz que retomada da Transnordestina ser\u00e1 &#8220;reden\u00e7\u00e3o para Pernambuco&#8221; e agradece a Lula\">Ler mais<\/a><\/p>\n","protected":false},"author":2,"featured_media":0,"comment_status":"closed","ping_status":"closed","sticky":false,"template":"","format":"standard","meta":{"footnotes":""},"categories":[2],"tags":[],"class_list":["post-40322","post","type-post","status-publish","format-standard","hentry","category-uncategorised"],"_links":{"self":[{"href":"https:\/\/afogadosonline.com.br\/index.php\/wp-json\/wp\/v2\/posts\/40322"}],"collection":[{"href":"https:\/\/afogadosonline.com.br\/index.php\/wp-json\/wp\/v2\/posts"}],"about":[{"href":"https:\/\/afogadosonline.com.br\/index.php\/wp-json\/wp\/v2\/types\/post"}],"author":[{"embeddable":true,"href":"https:\/\/afogadosonline.com.br\/index.php\/wp-json\/wp\/v2\/users\/2"}],"replies":[{"embeddable":true,"href":"https:\/\/afogadosonline.com.br\/index.php\/wp-json\/wp\/v2\/comments?post=40322"}],"version-history":[{"count":1,"href":"https:\/\/afogadosonline.com.br\/index.php\/wp-json\/wp\/v2\/posts\/40322\/revisions"}],"predecessor-version":[{"id":40323,"href":"https:\/\/afogadosonline.com.br\/index.php\/wp-json\/wp\/v2\/posts\/40322\/revisions\/40323"}],"wp:attachment":[{"href":"https:\/\/afogadosonline.com.br\/index.php\/wp-json\/wp\/v2\/media?parent=40322"}],"wp:term":[{"taxonomy":"category","embeddable":true,"href":"https:\/\/afogadosonline.com.br\/index.php\/wp-json\/wp\/v2\/categories?post=40322"},{"taxonomy":"post_tag","embeddable":true,"href":"https:\/\/afogadosonline.com.br\/index.php\/wp-json\/wp\/v2\/tags?post=40322"}],"curies":[{"name":"wp","href":"https:\/\/api.w.org\/{rel}","templated":true}]}}