{"id":40308,"date":"2026-07-15T07:53:16","date_gmt":"2026-07-15T10:53:16","guid":{"rendered":"https:\/\/afogadosonline.com.br\/?p=40308"},"modified":"2026-07-15T07:53:16","modified_gmt":"2026-07-15T10:53:16","slug":"pesquisa-genial-quaest-lula-tem-40-das-intencoes-de-voto-no-1o-turno-flavio-28","status":"publish","type":"post","link":"https:\/\/afogadosonline.com.br\/index.php\/2026\/07\/15\/pesquisa-genial-quaest-lula-tem-40-das-intencoes-de-voto-no-1o-turno-flavio-28\/","title":{"rendered":"Pesquisa Genial\/Quaest: Lula tem 40% das inten\u00e7\u00f5es de voto no 1\u00ba turno; Fl\u00e1vio, 28%"},"content":{"rendered":"<p><img fetchpriority=\"high\" decoding=\"async\" class=\"aligncenter\" src=\"https:\/\/p2.trrsf.com\/image\/fget\/cf\/774\/0\/images.terra.com\/2026\/07\/01\/terra(108)-1iuy8lxtqffau.png\" alt=\"Genial\/Quaest: Lula tem 40% das inten\u00e7\u00f5es de voto no 1\u00ba turno; Fl\u00e1vio, 28%\" width=\"637\" height=\"359\" \/><\/p>\n<p style=\"text-align: justify;\"><span style=\"font-size: 14pt;\">O presidente Luiz In\u00e1cio Lula da Silva (PT) tem 12 pontos de vantagem em rela\u00e7\u00e3o ao senador Fl\u00e1vio Bolsonaro (PL) nas inten\u00e7\u00f5es de voto no primeiro turno para a Presid\u00eancia da Rep\u00fablica nas elei\u00e7\u00f5es deste ano, aponta a pesquisa Genial\/Quaest divulgada nesta quarta-feira, 15.<\/span><\/p>\n<p style=\"text-align: justify;\"><span style=\"font-size: 14pt;\">No cen\u00e1rio de 1\u00ba turno pesquisado, Lula aparece com 40% das inten\u00e7\u00f5es de voto, enquanto Fl\u00e1vio registrou 28%. Na pesquisa anterior, de junho, o petista havia marcado 39% ante 29% do filho do ex-presidente Jair Bolsonaro. A margem de erro \u00e9 de dois pontos porcentuais\u00a0para mais ou para menos.<\/span><\/p>\n<p style=\"text-align: justify;\"><strong><span style=\"font-size: 14pt;\">Veja os n\u00fameros da simula\u00e7\u00e3o de 1\u00ba turno:<\/span><\/strong><\/p>\n<ul>\n<li style=\"text-align: justify;\"><span style=\"font-size: 14pt;\">Lula (PT): 40%\u00a0(eram 39% em junho)<\/span><\/li>\n<li style=\"text-align: justify;\"><span style=\"font-size: 14pt;\">Fl\u00e1vio Bolsonaro (PL): 28%\u00a0(eram 29% em junho)<\/span><\/li>\n<li style=\"text-align: justify;\"><span style=\"font-size: 14pt;\">Ronaldo Caiado (PSD): 4%\u00a0(eram 3% em junho)<\/span><\/li>\n<li style=\"text-align: justify;\"><span style=\"font-size: 14pt;\">Renan Santos (Miss\u00e3o): 3%\u00a0(eram 2% em junho)<\/span><\/li>\n<li style=\"text-align: justify;\"><span style=\"font-size: 14pt;\">Romeu Zema (Novo): 2%<\/span><\/li>\n<li style=\"text-align: justify;\"><span style=\"font-size: 14pt;\">Cabo Daciolo (Mobiliza): 1%<\/span><\/li>\n<li style=\"text-align: justify;\"><span style=\"font-size: 14pt;\">Augusto Cury (Avante): 1%<\/span><\/li>\n<li style=\"text-align: justify;\"><span style=\"font-size: 14pt;\">Joaquim Barbosa (DC): 1%<\/span><\/li>\n<li style=\"text-align: justify;\"><span style=\"font-size: 14pt;\">Samara Martins (UP): 1%<\/span><\/li>\n<li style=\"text-align: justify;\"><span style=\"font-size: 14pt;\">Edmilson Costa (PCB): 0%<\/span><\/li>\n<li style=\"text-align: justify;\"><span style=\"font-size: 14pt;\">Her\u00f3 Bezerra (PRTB): 0%<\/span><\/li>\n<li style=\"text-align: justify;\"><span style=\"font-size: 14pt;\">Hertz Dias (PSTU): 0%<\/span><\/li>\n<li style=\"text-align: justify;\"><span style=\"font-size: 14pt;\">Indecisos: 11%\u00a0(eram 10% em junho)<\/span><\/li>\n<li style=\"text-align: justify;\"><span style=\"font-size: 14pt;\">Branco, nulo ou n\u00e3o vai votar: 8%\u00a0(eram 9% em junho)<\/span><\/li>\n<\/ul>\n<p style=\"text-align: justify;\"><span style=\"font-size: 14pt;\">A pesquisa Genial\/Quaest entrevistou presencialmente 2.004 brasileiros com 16 anos ou mais entre os dias 10 e 13 de julho. O \u00edndice de confian\u00e7a \u00e9 de 95%. O levantamento est\u00e1 registrado no\u00a0Tribunal Superior Eleitoral (TSE)\u00a0sob o n\u00famero BR-07181\/2026.<\/span><\/p>\n<p style=\"text-align: justify;\"><strong><span style=\"font-size: 14pt;\">Segundo turno<\/span><\/strong><\/p>\n<p style=\"text-align: justify;\"><span style=\"font-size: 14pt;\">Lula tamb\u00e9m lidera as inten\u00e7\u00f5es de voto em todos os cen\u00e1rios pesquisados de segundo turno. Em uma disputa contra Fl\u00e1vio, o petista marca 45% ante 37% do senador. Votos brancos, nulos ou que n\u00e3o v\u00e3o votar somam 14%, j\u00e1 os indecisos s\u00e3o 4%.\u00a0<\/span><\/p>\n<p style=\"text-align: justify;\"><strong><span style=\"font-size: 14pt;\">Veja os n\u00fameros da simula\u00e7\u00e3o de 2\u00ba turno:<\/span><\/strong><\/p>\n<p style=\"text-align: justify;\"><strong><span style=\"font-size: 14pt;\">Lula x Fl\u00e1vio Bolsonaro<\/span><\/strong><\/p>\n<ul>\n<li style=\"text-align: justify;\"><span style=\"font-size: 14pt;\">Lula: 45% (eram 44% em junho)<\/span><\/li>\n<li style=\"text-align: justify;\"><span style=\"font-size: 14pt;\">Fl\u00e1vio: 37%\u00a0(eram 38% em junho)<\/span><\/li>\n<li style=\"text-align: justify;\"><span style=\"font-size: 14pt;\">Branco, nulo ou n\u00e3o vai votar: 14%\u00a0(eram 14% em junho)<\/span><\/li>\n<li style=\"text-align: justify;\"><span style=\"font-size: 14pt;\">Indecisos: 4%\u00a0(eram 4% em junho)<\/span><\/li>\n<\/ul>\n<p style=\"text-align: justify;\"><strong><span style=\"font-size: 14pt;\">Lula x Romeu Zema<\/span><\/strong><\/p>\n<ul>\n<li style=\"text-align: justify;\"><span style=\"font-size: 14pt;\">Lula: 45%\u00a0(eram 45% em junho)<\/span><\/li>\n<li style=\"text-align: justify;\"><span style=\"font-size: 14pt;\">Zema: 35%\u00a0(eram 35% em junho)<\/span><\/li>\n<li style=\"text-align: justify;\"><span style=\"font-size: 14pt;\">Branco, nulo ou n\u00e3o vai votar: 16%\u00a0(eram 17% em junho)<\/span><\/li>\n<li style=\"text-align: justify;\"><span style=\"font-size: 14pt;\">N\u00e3o sabe\/n\u00e3o respondeu: 4%\u00a0(eram 3% em junho)<\/span><\/li>\n<\/ul>\n<p style=\"text-align: justify;\"><strong><span style=\"font-size: 14pt;\">Lula x Ronaldo Caiado<\/span><\/strong><\/p>\n<ul>\n<li style=\"text-align: justify;\"><span style=\"font-size: 14pt;\">Lula: 45%\u00a0(eram 45% em junho)<\/span><\/li>\n<li style=\"text-align: justify;\"><span style=\"font-size: 14pt;\">Caiado: 36%\u00a0(eram 35% em junho)<\/span><\/li>\n<li style=\"text-align: justify;\"><span style=\"font-size: 14pt;\">Branco, nulo ou n\u00e3o vai votar: 15%\u00a0(eram 16% em junho)<\/span><\/li>\n<li style=\"text-align: justify;\"><span style=\"font-size: 14pt;\">N\u00e3o sabe\/n\u00e3o respondeu: 4%\u00a0(eram 4% em junho)<\/span><\/li>\n<\/ul>\n<p style=\"text-align: justify;\"><strong><span style=\"font-size: 14pt;\">Lula x Renan Santos<\/span><\/strong><\/p>\n<ul>\n<li style=\"text-align: justify;\"><span style=\"font-size: 14pt;\">Lula: 45%\u00a0(eram 45% em junho)<\/span><\/li>\n<li style=\"text-align: justify;\"><span style=\"font-size: 14pt;\">Renan: 33%\u00a0(eram 31% em junho)<\/span><\/li>\n<li style=\"text-align: justify;\"><span style=\"font-size: 14pt;\">Branco, nulo ou n\u00e3o vai votar: 18%\u00a0(eram 20% em junho)<\/span><\/li>\n<li style=\"text-align: justify;\"><span style=\"font-size: 14pt;\">N\u00e3o sabe\/n\u00e3o respondeu: 4%\u00a0(eram 4% em junho)<\/span><\/li>\n<\/ul>\n","protected":false},"excerpt":{"rendered":"<p>O presidente Luiz In&aacute;cio Lula da Silva (PT) tem 12 pontos de vantagem em rela&ccedil;&atilde;o ao senador Fl&aacute;vio Bolsonaro (PL) nas inten&ccedil;&otilde;es de voto no primeiro turno para a Presid&ecirc;ncia da Rep&uacute;blica nas elei&ccedil;&otilde;es deste ano, aponta a pesquisa Genial\/Quaest divulgada nesta quarta-feira, 15. No cen&aacute;rio de 1&ordm; turno pesquisado, Lula aparece com 40% das &#8230; <a title=\"Pesquisa Genial\/Quaest: Lula tem 40% das inten\u00e7\u00f5es de voto no 1\u00ba turno; Fl\u00e1vio, 28%\" class=\"read-more\" href=\"https:\/\/afogadosonline.com.br\/index.php\/2026\/07\/15\/pesquisa-genial-quaest-lula-tem-40-das-intencoes-de-voto-no-1o-turno-flavio-28\/\" aria-label=\"Read more about Pesquisa Genial\/Quaest: Lula tem 40% das inten\u00e7\u00f5es de voto no 1\u00ba turno; Fl\u00e1vio, 28%\">Ler mais<\/a><\/p>\n","protected":false},"author":2,"featured_media":0,"comment_status":"closed","ping_status":"closed","sticky":false,"template":"","format":"standard","meta":{"footnotes":""},"categories":[2],"tags":[],"class_list":["post-40308","post","type-post","status-publish","format-standard","hentry","category-uncategorised"],"_links":{"self":[{"href":"https:\/\/afogadosonline.com.br\/index.php\/wp-json\/wp\/v2\/posts\/40308"}],"collection":[{"href":"https:\/\/afogadosonline.com.br\/index.php\/wp-json\/wp\/v2\/posts"}],"about":[{"href":"https:\/\/afogadosonline.com.br\/index.php\/wp-json\/wp\/v2\/types\/post"}],"author":[{"embeddable":true,"href":"https:\/\/afogadosonline.com.br\/index.php\/wp-json\/wp\/v2\/users\/2"}],"replies":[{"embeddable":true,"href":"https:\/\/afogadosonline.com.br\/index.php\/wp-json\/wp\/v2\/comments?post=40308"}],"version-history":[{"count":1,"href":"https:\/\/afogadosonline.com.br\/index.php\/wp-json\/wp\/v2\/posts\/40308\/revisions"}],"predecessor-version":[{"id":40309,"href":"https:\/\/afogadosonline.com.br\/index.php\/wp-json\/wp\/v2\/posts\/40308\/revisions\/40309"}],"wp:attachment":[{"href":"https:\/\/afogadosonline.com.br\/index.php\/wp-json\/wp\/v2\/media?parent=40308"}],"wp:term":[{"taxonomy":"category","embeddable":true,"href":"https:\/\/afogadosonline.com.br\/index.php\/wp-json\/wp\/v2\/categories?post=40308"},{"taxonomy":"post_tag","embeddable":true,"href":"https:\/\/afogadosonline.com.br\/index.php\/wp-json\/wp\/v2\/tags?post=40308"}],"curies":[{"name":"wp","href":"https:\/\/api.w.org\/{rel}","templated":true}]}}