{"id":40303,"date":"2026-07-15T06:10:19","date_gmt":"2026-07-15T09:10:19","guid":{"rendered":"https:\/\/afogadosonline.com.br\/?p=40303"},"modified":"2026-07-14T22:13:37","modified_gmt":"2026-07-15T01:13:37","slug":"festival-pernambuco-meu-pais-inicia-itinerancia-em-pesqueira-com-expectativa-de-movimentar-mais-de-r-7-milhoes","status":"publish","type":"post","link":"https:\/\/afogadosonline.com.br\/index.php\/2026\/07\/15\/festival-pernambuco-meu-pais-inicia-itinerancia-em-pesqueira-com-expectativa-de-movimentar-mais-de-r-7-milhoes\/","title":{"rendered":"Festival Pernambuco Meu Pa\u00eds inicia itiner\u00e2ncia em Pesqueira com expectativa de movimentar mais de R$ 7 milh\u00f5es"},"content":{"rendered":"<p><img fetchpriority=\"high\" decoding=\"async\" class=\"aligncenter\" src=\"https:\/\/encrypted-tbn0.gstatic.com\/images?q=tbn:ANd9GcSIimdIMblASZnUzbO1JNtxUfcDSGfQ7Fvl8q5y2obxXb-8kAQWjYPILBQ&amp;s=10\" alt=\"Festival Pernambuco Meu Pa\u00eds inicia Carnaval 2026 com atra\u00e7\u00f5es no Bairro do  Recife nesta sexta - Portal CBN Recife\" width=\"637\" height=\"420\" \/><\/p>\n<p style=\"text-align: justify;\"><span style=\"font-size: 14pt;\">O Festival Pernambuco Meu Pa\u00eds d\u00e1 in\u00edcio \u00e0 sua itiner\u00e2ncia nesta quarta-feira (15), em Pesqueira. Primeira cidade a receber a programa\u00e7\u00e3o em 2026, o munic\u00edpio deve atrair mais de 40 mil pessoas ao longo de cinco dias de atividades culturais e movimentar mais de R$ 7 milh\u00f5es na economia local, segundo estimativas da prefeitura.<\/span><\/p>\n<p style=\"text-align: justify;\"><span style=\"font-size: 14pt;\">Realizado pelo Governo de Pernambuco, por meio da Secretaria de Cultura (Secult-PE), da Funda\u00e7\u00e3o do Patrim\u00f4nio Hist\u00f3rico e Art\u00edstico de Pernambuco (Fundarpe) e da Empresa de Turismo de Pernambuco (Empetur), o festival segue at\u00e9 domingo (19) com uma programa\u00e7\u00e3o gratuita voltada para p\u00fablicos de todas as idades.<\/span><\/p>\n<p style=\"text-align: justify;\"><span style=\"font-size: 14pt;\">Al\u00e9m dos shows musicais, o evento re\u00fane apresenta\u00e7\u00f5es de circo, teatro, dan\u00e7a, literatura, fotografia, artes visuais, artesanato, moda e manifesta\u00e7\u00f5es da cultura popular, al\u00e9m de a\u00e7\u00f5es de forma\u00e7\u00e3o voltadas a artistas, produtores culturais e fazedores de cultura.<\/span><\/p>\n<p style=\"text-align: justify;\"><span style=\"font-size: 14pt;\">&#8220;Com o fortalecimento das manifesta\u00e7\u00f5es art\u00edsticas que t\u00eam ra\u00edzes em cada um dos munic\u00edpios, e que juntas constituem a aut\u00eantica identidade do nosso povo pernambucano, o Festival Pernambuco Meu Pa\u00eds une diferentes p\u00fablicos em uma grande festa&#8221;, destacou a secret\u00e1ria de Cultura de Pernambuco em exerc\u00edcio, Ana Paula Jardim.<\/span><\/p>\n<p style=\"text-align: justify;\"><span style=\"font-size: 14pt;\">A presidente da Fundarpe, Renata Borba, ressaltou que Pesqueira foi escolhida para abrir a edi\u00e7\u00e3o deste ano por sua tradi\u00e7\u00e3o cultural. &#8220;O p\u00fablico vai poder conferir uma programa\u00e7\u00e3o diversa, come\u00e7ando com a\u00e7\u00f5es formativas e seguindo durante o fim de semana com artistas de diferentes linguagens e manifesta\u00e7\u00f5es culturais para todas as idades&#8221;, afirmou.<\/span><\/p>\n<p style=\"text-align: justify;\"><span style=\"font-size: 14pt;\">Para o presidente da Empetur, Eduardo Loyo, a escolha do munic\u00edpio tamb\u00e9m refor\u00e7a o potencial tur\u00edstico da regi\u00e3o. &#8220;Pesqueira possui uma import\u00e2ncia tur\u00edstica muito grande, com atrativos como o Santu\u00e1rio de Cimbres. O festival amplia a visibilidade do munic\u00edpio e gera oportunidades para toda a regi\u00e3o&#8221;, disse.<\/span><\/p>\n<p style=\"text-align: justify;\"><span style=\"font-size: 14pt;\">A programa\u00e7\u00e3o come\u00e7a nesta quarta-feira (15) com as atividades do Forma PE, n\u00facleo de forma\u00e7\u00e3o do festival voltado \u00e0 qualifica\u00e7\u00e3o de artistas, artes\u00e3os, produtores culturais e demais profissionais da economia criativa. As a\u00e7\u00f5es acontecem na Escola de Refer\u00eancia em Ensino M\u00e9dio Cristo Rei e seguem at\u00e9 o domingo.<\/span><\/p>\n<p style=\"text-align: justify;\"><span style=\"font-size: 14pt;\">Na quinta-feira (16), a Trupe Pernambuco Meu Pa\u00eds percorre as ruas da cidade com um cortejo reunindo artistas de circo, teatro, dan\u00e7a, m\u00fasica e poesia, antecipando o clima do festival.<\/span><\/p>\n<p style=\"text-align: justify;\"><span style=\"font-size: 14pt;\">Os polos culturais espalhados pelo munic\u00edpio entram em funcionamento na sexta-feira (17), oferecendo atividades nas \u00e1reas de cultura alimentar, literatura, economia criativa, artes c\u00eanicas, m\u00fasica, brincadeiras infantis, cultura popular e exposi\u00e7\u00f5es visuais.<\/span><\/p>\n<p style=\"text-align: justify;\"><span style=\"font-size: 14pt;\">\u00c0 noite, o Palco Pernambuco Meu Pa\u00eds, montado no P\u00e1tio de Eventos de Pesqueira, recebe grandes atra\u00e7\u00f5es. Na sexta-feira (17), sobem ao palco Joyce Alane, Waldonys, Dorgival Dantas e Tarc\u00edsio do Acordeon, al\u00e9m da abertura com o espet\u00e1culo Pernambuco Meu Pa\u00eds.<\/span><\/p>\n<p style=\"text-align: justify;\"><span style=\"font-size: 14pt;\">No s\u00e1bado (18), as apresenta\u00e7\u00f5es ficam por conta de Jetuns e Jetuins de Mandaru, Ave Sangria, Paulo Miklos, Detonautas e Xam\u00e3. J\u00e1 no domingo (19), encerram a programa\u00e7\u00e3o Tro\u00e7a Carnavalesca Pitombeira dos Quatro Cantos, Marrom Brasileiro com participa\u00e7\u00e3o de Non\u00f4 Germano, Molejo, Parangol\u00e9 e L\u00e9o Santana.<\/span><\/p>\n<p style=\"text-align: justify;\"><span style=\"font-size: 14pt;\">O espet\u00e1culo de abertura homenageia Janete Costa, Mestre Vitalino e Mestre Irineu, celebrando a cultura popular pernambucana por meio da dan\u00e7a, m\u00fasica, teatro e artes visuais. A montagem re\u00fane 30 brincantes e tem dire\u00e7\u00e3o art\u00edstica de Leila Nascimento.<\/span><\/p>\n<p style=\"text-align: justify;\"><span style=\"font-size: 14pt;\">Durante os cinco dias, cortejos culturais tamb\u00e9m ocupar\u00e3o as ruas de Pesqueira com manifesta\u00e7\u00f5es como frevo, maracatu, boi, caboclinho, quadrilhas e bacamarteiros.<\/span><\/p>\n<p style=\"text-align: justify;\"><span style=\"font-size: 14pt;\">Al\u00e9m da programa\u00e7\u00e3o art\u00edstica, o festival contar\u00e1 com a Rede PE, iniciativa que re\u00fane servi\u00e7os de \u00f3rg\u00e3os estaduais, incluindo Detran-PE, Secretaria da Mulher, Ag\u00eancia de Empreendedorismo de Pernambuco (AGE), Secretaria de Desenvolvimento Profissional e Empreendedorismo e Secretaria de Meio Ambiente, com a\u00e7\u00f5es de educa\u00e7\u00e3o ambiental e gest\u00e3o de res\u00edduos.<\/span><\/p>\n<p style=\"text-align: justify;\"><span style=\"font-size: 14pt;\"><strong>Triunfo tamb\u00e9m recebe programa\u00e7\u00e3o<\/strong><\/span><\/p>\n<p style=\"text-align: justify;\"><span style=\"font-size: 14pt;\">No mesmo per\u00edodo, o Governo de Pernambuco participa da 68\u00aa Festa dos Estudantes de Triunfo com um palco do Festival Pernambuco Meu Pa\u00eds. As apresenta\u00e7\u00f5es come\u00e7am no s\u00e1bado (18), com artistas como Leonardo Sullivan, Zez\u00e9 Di Camargo e Soraya Moraes. Entre os dias 23 e 25 de julho, tamb\u00e9m se apresentam Lipe Lucena, Os Seresteiros de Triunfo, Maneva, Banda Magn\u00edficos e Petr\u00facio Amorim.<\/span><\/p>\n<p style=\"text-align: justify;\"><span style=\"font-size: 14pt;\">Ap\u00f3s passar por Pesqueira e Triunfo, o Festival Pernambuco Meu Pa\u00eds seguir\u00e1 para Salgueiro, Gravat\u00e1, Arcoverde, Bezerros\/Serra Negra, Bu\u00edque e Caruaru, encerrando a itiner\u00e2ncia no fim de agosto.<\/span><\/p>\n","protected":false},"excerpt":{"rendered":"<p>O Festival Pernambuco Meu Pa&iacute;s d&aacute; in&iacute;cio &agrave; sua itiner&acirc;ncia nesta quarta-feira (15), em Pesqueira. Primeira cidade a receber a programa&ccedil;&atilde;o em 2026, o munic&iacute;pio deve atrair mais de 40 mil pessoas ao longo de cinco dias de atividades culturais e movimentar mais de R$ 7 milh&otilde;es na economia local, segundo estimativas da prefeitura. Realizado &#8230; <a title=\"Festival Pernambuco Meu Pa\u00eds inicia itiner\u00e2ncia em Pesqueira com expectativa de movimentar mais de R$ 7 milh\u00f5es\" class=\"read-more\" href=\"https:\/\/afogadosonline.com.br\/index.php\/2026\/07\/15\/festival-pernambuco-meu-pais-inicia-itinerancia-em-pesqueira-com-expectativa-de-movimentar-mais-de-r-7-milhoes\/\" aria-label=\"Read more about Festival Pernambuco Meu Pa\u00eds inicia itiner\u00e2ncia em Pesqueira com expectativa de movimentar mais de R$ 7 milh\u00f5es\">Ler mais<\/a><\/p>\n","protected":false},"author":2,"featured_media":0,"comment_status":"closed","ping_status":"closed","sticky":false,"template":"","format":"standard","meta":{"footnotes":""},"categories":[2],"tags":[],"class_list":["post-40303","post","type-post","status-publish","format-standard","hentry","category-uncategorised"],"_links":{"self":[{"href":"https:\/\/afogadosonline.com.br\/index.php\/wp-json\/wp\/v2\/posts\/40303"}],"collection":[{"href":"https:\/\/afogadosonline.com.br\/index.php\/wp-json\/wp\/v2\/posts"}],"about":[{"href":"https:\/\/afogadosonline.com.br\/index.php\/wp-json\/wp\/v2\/types\/post"}],"author":[{"embeddable":true,"href":"https:\/\/afogadosonline.com.br\/index.php\/wp-json\/wp\/v2\/users\/2"}],"replies":[{"embeddable":true,"href":"https:\/\/afogadosonline.com.br\/index.php\/wp-json\/wp\/v2\/comments?post=40303"}],"version-history":[{"count":1,"href":"https:\/\/afogadosonline.com.br\/index.php\/wp-json\/wp\/v2\/posts\/40303\/revisions"}],"predecessor-version":[{"id":40304,"href":"https:\/\/afogadosonline.com.br\/index.php\/wp-json\/wp\/v2\/posts\/40303\/revisions\/40304"}],"wp:attachment":[{"href":"https:\/\/afogadosonline.com.br\/index.php\/wp-json\/wp\/v2\/media?parent=40303"}],"wp:term":[{"taxonomy":"category","embeddable":true,"href":"https:\/\/afogadosonline.com.br\/index.php\/wp-json\/wp\/v2\/categories?post=40303"},{"taxonomy":"post_tag","embeddable":true,"href":"https:\/\/afogadosonline.com.br\/index.php\/wp-json\/wp\/v2\/tags?post=40303"}],"curies":[{"name":"wp","href":"https:\/\/api.w.org\/{rel}","templated":true}]}}