{"id":40301,"date":"2026-07-14T22:07:04","date_gmt":"2026-07-15T01:07:04","guid":{"rendered":"https:\/\/afogadosonline.com.br\/?p=40301"},"modified":"2026-07-14T22:07:04","modified_gmt":"2026-07-15T01:07:04","slug":"mendonca-filho-aciona-o-ministerio-publico-de-pernambuco-para-investigar-suposto-uso-de-servidores-da-pcr-em-protestos-contra-o-governo-do-estado","status":"publish","type":"post","link":"https:\/\/afogadosonline.com.br\/index.php\/2026\/07\/14\/mendonca-filho-aciona-o-ministerio-publico-de-pernambuco-para-investigar-suposto-uso-de-servidores-da-pcr-em-protestos-contra-o-governo-do-estado\/","title":{"rendered":"Mendon\u00e7a Filho aciona o Minist\u00e9rio P\u00fablico de Pernambuco para investigar suposto uso de servidores da PCR em protestos contra o Governo do Estado"},"content":{"rendered":"<p><img fetchpriority=\"high\" decoding=\"async\" class=\"aligncenter\" src=\"https:\/\/imagens.ne10.uol.com.br\/veiculos\/_midias\/jpg\/2026\/05\/13\/img20260428170424638-36722505.jpg?20260714193223?ims=800x533\" alt=\"O deputado federal Mendon&amp;ccedil;a Filho\" width=\"636\" height=\"424\" \/><\/p>\n<p style=\"text-align: justify;\"><span style=\"font-size: 14pt;\">O deputado federal Mendon\u00e7a Filho protocolou uma representa\u00e7\u00e3o no Minist\u00e9rio P\u00fablico de Pernambuco (MPPE) cobrando a apura\u00e7\u00e3o sobre o poss\u00edvel uso da estrutura administrativa da Prefeitura do Recife e o envolvimento de servidores municipais na organiza\u00e7\u00e3o de protestos recentes contra o Governo de Pernambuco. As manifesta\u00e7\u00f5es v\u00eam ocorrendo em diferentes pontos da capital e da Regi\u00e3o Metropolitana.<\/span><\/p>\n<p style=\"text-align: justify;\"><span style=\"font-size: 14pt;\">Segundo o parlamentar, os atos apresentam ind\u00edcios de coordena\u00e7\u00e3o pr\u00e9via com fins pol\u00edtico-eleitorais. &#8220;Os protestos dos \u00faltimos dias s\u00e3o claramente orquestrados. Acontecem em bairros diferentes, mas seguem o mesmo formato e a mesma estrutura. \u00c0s v\u00e9speras da elei\u00e7\u00e3o, \u00e9 tudo muito estranho. Inaceit\u00e1vel que servidores p\u00fablicos da Prefeitura do Recife tenham participa\u00e7\u00e3o ativa nessas mobiliza\u00e7\u00f5es. \u00c9 uma suspeita grave que precisa ser investigada&#8221;, afirmou Mendon\u00e7a.<\/span><\/p>\n<p style=\"text-align: justify;\"><span style=\"font-size: 14pt;\">O deputado ponderou que o documento enviado ao Minist\u00e9rio P\u00fablico n\u00e3o contesta o direito \u00e0 livre manifesta\u00e7\u00e3o popular, mas foca na preserva\u00e7\u00e3o da legalidade e no equil\u00edbrio de outros direitos fundamentais.<\/span><\/p>\n<p style=\"text-align: justify;\"><span style=\"font-size: 14pt;\">&#8220;O direito de manifesta\u00e7\u00e3o \u00e9 leg\u00edtimo e deve ser respeitado. Mas ele precisa conviver com outros direitos igualmente garantidos pela Constitui\u00e7\u00e3o, como o direito de ir e vir das pessoas, que vem sendo desrespeitados por esses protestos&#8221;, declarou o parlamentar, refor\u00e7ando a necessidade de passar a limpo a atua\u00e7\u00e3o da m\u00e1quina municipal. \u201cSe houver servidores, contratos p\u00fablicos ou recursos da Prefeitura empregados nessa mobiliza\u00e7\u00e3o, estaremos diante de um fato grave que exige uma apura\u00e7\u00e3o rigorosa&#8221;.<\/span><\/p>\n<p style=\"text-align: justify;\"><span style=\"font-size: 14pt;\"><strong>Ind\u00edcios e pedidos de informa\u00e7\u00e3o<\/strong><\/span><\/p>\n<p style=\"text-align: justify;\"><span style=\"font-size: 14pt;\">A representa\u00e7\u00e3o fundamenta-se em reportagens da imprensa, materiais de convoca\u00e7\u00e3o de atos e publica\u00e7\u00f5es em redes sociais que sugerem a atua\u00e7\u00e3o de agentes p\u00fablicos na lideran\u00e7a e divulga\u00e7\u00e3o dos bloqueios. Entre as evid\u00eancias apresentadas, destaca-se a suposta participa\u00e7\u00e3o de um assessor lotado na Secretaria de Articula\u00e7\u00e3o Pol\u00edtica e Social do Recife, al\u00e9m da coordena\u00e7\u00e3o dos grupos por meio de aplicativos de mensagens.<\/span><\/p>\n<p style=\"text-align: justify;\"><span style=\"font-size: 14pt;\">No pedido encaminhado ao MPPE, Mendon\u00e7a Filho solicita que a Prefeitura do Recife preste esclarecimentos sobre o v\u00ednculo funcional dos citados \u2014 incluindo dados sobre lota\u00e7\u00e3o, atribui\u00e7\u00f5es e folhas de frequ\u00eancia \u2014, al\u00e9m de informa\u00e7\u00f5es sobre contratos de empresas terceirizadas que possam ter rela\u00e7\u00e3o com os epis\u00f3dios. <\/span><\/p>\n<p style=\"text-align: right;\"><span style=\"font-size: 14pt;\">Do Jornal do Commercio<\/span><\/p>\n","protected":false},"excerpt":{"rendered":"<p>O deputado federal Mendon&ccedil;a Filho protocolou uma representa&ccedil;&atilde;o no Minist&eacute;rio P&uacute;blico de Pernambuco (MPPE) cobrando a apura&ccedil;&atilde;o sobre o poss&iacute;vel uso da estrutura administrativa da Prefeitura do Recife e o envolvimento de servidores municipais na organiza&ccedil;&atilde;o de protestos recentes contra o Governo de Pernambuco. As manifesta&ccedil;&otilde;es v&ecirc;m ocorrendo em diferentes pontos da capital e da &#8230; <a title=\"Mendon\u00e7a Filho aciona o Minist\u00e9rio P\u00fablico de Pernambuco para investigar suposto uso de servidores da PCR em protestos contra o Governo do Estado\" class=\"read-more\" href=\"https:\/\/afogadosonline.com.br\/index.php\/2026\/07\/14\/mendonca-filho-aciona-o-ministerio-publico-de-pernambuco-para-investigar-suposto-uso-de-servidores-da-pcr-em-protestos-contra-o-governo-do-estado\/\" aria-label=\"Read more about Mendon\u00e7a Filho aciona o Minist\u00e9rio P\u00fablico de Pernambuco para investigar suposto uso de servidores da PCR em protestos contra o Governo do Estado\">Ler mais<\/a><\/p>\n","protected":false},"author":2,"featured_media":0,"comment_status":"closed","ping_status":"closed","sticky":false,"template":"","format":"standard","meta":{"footnotes":""},"categories":[2],"tags":[],"class_list":["post-40301","post","type-post","status-publish","format-standard","hentry","category-uncategorised"],"_links":{"self":[{"href":"https:\/\/afogadosonline.com.br\/index.php\/wp-json\/wp\/v2\/posts\/40301"}],"collection":[{"href":"https:\/\/afogadosonline.com.br\/index.php\/wp-json\/wp\/v2\/posts"}],"about":[{"href":"https:\/\/afogadosonline.com.br\/index.php\/wp-json\/wp\/v2\/types\/post"}],"author":[{"embeddable":true,"href":"https:\/\/afogadosonline.com.br\/index.php\/wp-json\/wp\/v2\/users\/2"}],"replies":[{"embeddable":true,"href":"https:\/\/afogadosonline.com.br\/index.php\/wp-json\/wp\/v2\/comments?post=40301"}],"version-history":[{"count":1,"href":"https:\/\/afogadosonline.com.br\/index.php\/wp-json\/wp\/v2\/posts\/40301\/revisions"}],"predecessor-version":[{"id":40302,"href":"https:\/\/afogadosonline.com.br\/index.php\/wp-json\/wp\/v2\/posts\/40301\/revisions\/40302"}],"wp:attachment":[{"href":"https:\/\/afogadosonline.com.br\/index.php\/wp-json\/wp\/v2\/media?parent=40301"}],"wp:term":[{"taxonomy":"category","embeddable":true,"href":"https:\/\/afogadosonline.com.br\/index.php\/wp-json\/wp\/v2\/categories?post=40301"},{"taxonomy":"post_tag","embeddable":true,"href":"https:\/\/afogadosonline.com.br\/index.php\/wp-json\/wp\/v2\/tags?post=40301"}],"curies":[{"name":"wp","href":"https:\/\/api.w.org\/{rel}","templated":true}]}}