{"id":40291,"date":"2026-07-14T11:28:35","date_gmt":"2026-07-14T14:28:35","guid":{"rendered":"https:\/\/afogadosonline.com.br\/?p=40291"},"modified":"2026-07-14T11:28:35","modified_gmt":"2026-07-14T14:28:35","slug":"psb-e-psd-marcam-convencoes-no-mesmo-dia-e-acirram-disputa-eleitoral-em-pernambuco","status":"publish","type":"post","link":"https:\/\/afogadosonline.com.br\/index.php\/2026\/07\/14\/psb-e-psd-marcam-convencoes-no-mesmo-dia-e-acirram-disputa-eleitoral-em-pernambuco\/","title":{"rendered":"PSB e PSD marcam conven\u00e7\u00f5es no mesmo dia e acirram disputa eleitoral em Pernambuco"},"content":{"rendered":"<p><img fetchpriority=\"high\" decoding=\"async\" class=\"aligncenter\" src=\"https:\/\/f.i.uol.com.br\/fotografia\/2023\/08\/22\/169273854964e523f5a9f20_1692738549_3x2_xl.jpg\" alt=\"Campos x Lyra: Den\u00fancia de espionagem acirra guerra em PE - 27\/01\/2026 -  Pol\u00edtica - Folha\" width=\"638\" height=\"425\" \/><\/p>\n<p style=\"text-align: justify;\"><span style=\"font-size: 14pt;\">O per\u00edodo das conven\u00e7\u00f5es partid\u00e1rias se aproxima. De acordo com o calend\u00e1rio eleitoral, os eventos em que os nomes que devem disputar as elei\u00e7\u00f5es 2026 s\u00e3o oficializados iniciam na pr\u00f3xima segunda-feira (20) em todo territ\u00f3rio nacional.<\/span><\/p>\n<p style=\"text-align: justify;\"><span style=\"font-size: 14pt;\">Em Pernambuco, as conven\u00e7\u00f5es, al\u00e9m de simbolizarem a for\u00e7a das legendas e a consolida\u00e7\u00e3o das alian\u00e7as, tamb\u00e9m jogam luz ao xadrez pol\u00edtico que envolve os dois principais nomes na disputa pelo governo do estado: a governadora Raquel Lyra (PSD) e o ex-prefeito do Recife Jo\u00e3o Campos (PSB).<\/span><\/p>\n<p style=\"text-align: justify;\"><span style=\"font-size: 14pt;\">Os partidos dos dois postulantes ao Pal\u00e1cio do Campo das Princesas marcaram as conven\u00e7\u00f5es para os mesmos dias: 1 e 2 de agosto. Enquanto o PSB consolidar\u00e1 as suas escolhas eleitorais na Clube Internacional, localizado no bairro da Madalena, o PSD utilizar\u00e1 o Clube Portugu\u00eas para divulga\u00e7\u00e3o da chapa majorit\u00e1ria, na \u00e1rea central do Recife.<\/span><\/p>\n<p style=\"text-align: justify;\"><span style=\"font-size: 14pt;\">Apesar das mesmas datas, Jo\u00e3o Campos deve participar apenas do primeiro dia da reuni\u00e3o partid\u00e1ria. Pois, no dia 2 de agosto, o socialista marcar\u00e1 presen\u00e7a no evento de homologa\u00e7\u00e3o da candidatura \u00e0 reelei\u00e7\u00e3o do presidente Luiz In\u00e1cio Lula da Silva (PT), em S\u00e3o Paulo. Com o advers\u00e1rio fora do estado, Raquel Lyra deve subir ao palanque da conven\u00e7\u00e3o pessedista no domingo (2).<\/span><\/p>\n<p style=\"text-align: justify;\"><span style=\"font-size: 14pt;\">O prazo para as legendas realizarem as conven\u00e7\u00f5es partid\u00e1rias se encerra no dia 5 de agosto. No estado, a federa\u00e7\u00e3o Partido dos Trabalhadores, PV e PCdoB d\u00e1 in\u00edcio aos eventos, com a oficializa\u00e7\u00e3o da candidatura de Humberto Costa ao Senado Federal e outros nomes, no dia 20 deste m\u00eas. Em seguida, no dia 21 de julho, o Partido Novo divulgar\u00e1 os postulantes. Na mesma semana, no dia 25 do mesmo m\u00eas, na Assembleia Legislativa de Pernambuco (Alepe), o MDB realiza a sua conven\u00e7\u00e3o.<\/span><\/p>\n","protected":false},"excerpt":{"rendered":"<p>O per&iacute;odo das conven&ccedil;&otilde;es partid&aacute;rias se aproxima. De acordo com o calend&aacute;rio eleitoral, os eventos em que os nomes que devem disputar as elei&ccedil;&otilde;es 2026 s&atilde;o oficializados iniciam na pr&oacute;xima segunda-feira (20) em todo territ&oacute;rio nacional. Em Pernambuco, as conven&ccedil;&otilde;es, al&eacute;m de simbolizarem a for&ccedil;a das legendas e a consolida&ccedil;&atilde;o das alian&ccedil;as, tamb&eacute;m jogam luz &#8230; <a title=\"PSB e PSD marcam conven\u00e7\u00f5es no mesmo dia e acirram disputa eleitoral em Pernambuco\" class=\"read-more\" href=\"https:\/\/afogadosonline.com.br\/index.php\/2026\/07\/14\/psb-e-psd-marcam-convencoes-no-mesmo-dia-e-acirram-disputa-eleitoral-em-pernambuco\/\" aria-label=\"Read more about PSB e PSD marcam conven\u00e7\u00f5es no mesmo dia e acirram disputa eleitoral em Pernambuco\">Ler mais<\/a><\/p>\n","protected":false},"author":2,"featured_media":0,"comment_status":"closed","ping_status":"closed","sticky":false,"template":"","format":"standard","meta":{"footnotes":""},"categories":[2],"tags":[],"class_list":["post-40291","post","type-post","status-publish","format-standard","hentry","category-uncategorised"],"_links":{"self":[{"href":"https:\/\/afogadosonline.com.br\/index.php\/wp-json\/wp\/v2\/posts\/40291"}],"collection":[{"href":"https:\/\/afogadosonline.com.br\/index.php\/wp-json\/wp\/v2\/posts"}],"about":[{"href":"https:\/\/afogadosonline.com.br\/index.php\/wp-json\/wp\/v2\/types\/post"}],"author":[{"embeddable":true,"href":"https:\/\/afogadosonline.com.br\/index.php\/wp-json\/wp\/v2\/users\/2"}],"replies":[{"embeddable":true,"href":"https:\/\/afogadosonline.com.br\/index.php\/wp-json\/wp\/v2\/comments?post=40291"}],"version-history":[{"count":1,"href":"https:\/\/afogadosonline.com.br\/index.php\/wp-json\/wp\/v2\/posts\/40291\/revisions"}],"predecessor-version":[{"id":40292,"href":"https:\/\/afogadosonline.com.br\/index.php\/wp-json\/wp\/v2\/posts\/40291\/revisions\/40292"}],"wp:attachment":[{"href":"https:\/\/afogadosonline.com.br\/index.php\/wp-json\/wp\/v2\/media?parent=40291"}],"wp:term":[{"taxonomy":"category","embeddable":true,"href":"https:\/\/afogadosonline.com.br\/index.php\/wp-json\/wp\/v2\/categories?post=40291"},{"taxonomy":"post_tag","embeddable":true,"href":"https:\/\/afogadosonline.com.br\/index.php\/wp-json\/wp\/v2\/tags?post=40291"}],"curies":[{"name":"wp","href":"https:\/\/api.w.org\/{rel}","templated":true}]}}