{"id":40287,"date":"2026-07-14T10:10:46","date_gmt":"2026-07-14T13:10:46","guid":{"rendered":"https:\/\/afogadosonline.com.br\/?p=40287"},"modified":"2026-07-14T10:10:46","modified_gmt":"2026-07-14T13:10:46","slug":"tce-julga-admissoes-na-prefeitura-de-itapetim-no-ano-de-2022","status":"publish","type":"post","link":"https:\/\/afogadosonline.com.br\/index.php\/2026\/07\/14\/tce-julga-admissoes-na-prefeitura-de-itapetim-no-ano-de-2022\/","title":{"rendered":"TCE julga admiss\u00f5es na Prefeitura de Itapetim no ano de 2022"},"content":{"rendered":"<p><img fetchpriority=\"high\" decoding=\"async\" class=\"wp-image-11927 aligncenter\" src=\"https:\/\/afogadosonline.com.br\/wp-content\/uploads\/2020\/06\/TCE-PE.jpg\" alt=\"\" width=\"638\" height=\"374\" srcset=\"https:\/\/afogadosonline.com.br\/wp-content\/uploads\/2020\/06\/TCE-PE.jpg 1189w, https:\/\/afogadosonline.com.br\/wp-content\/uploads\/2020\/06\/TCE-PE-300x176.jpg 300w, https:\/\/afogadosonline.com.br\/wp-content\/uploads\/2020\/06\/TCE-PE-768x450.jpg 768w, https:\/\/afogadosonline.com.br\/wp-content\/uploads\/2020\/06\/TCE-PE-1024x600.jpg 1024w\" sizes=\"(max-width: 638px) 100vw, 638px\" \/><\/p>\n<p style=\"text-align: justify;\"><span style=\"font-size: 14pt;\">A Segunda C\u00e2mara do Tribunal de Contas do Estado de Pernambuco, durante sess\u00e3o realizada em 09\/07\/2026, analisou 89 admiss\u00f5es de pessoal na Prefeitura Municipal de Itapetim decorrentes do concurso p\u00fablico regido pelo Edital n\u00ba 01\/2022. A auditoria identificou irregularidades na remessa dos atos de admiss\u00e3o, como a falta de ato de nomea\u00e7\u00e3o e termo de posse, al\u00e9m de nomea\u00e7\u00f5es para cargos n\u00e3o previstos em lei e preteri\u00e7\u00e3o da ordem de classifica\u00e7\u00e3o. <\/span><\/p>\n<p style=\"text-align: justify;\"><span style=\"font-size: 14pt;\">Os respons\u00e1veis, Adelmo Alves de Moura (prefeito na \u00e9poca) e Aline Karina Alves da Costa (prefeita atual), n\u00e3o apresentaram defesa. O Ac\u00f3rd\u00e3o T.C. N\u00ba 1389\/2026 decidiu registrar as admiss\u00f5es que estavam regulares, excluindo, por erro, o registro da servidora sem v\u00ednculo funcional comprovado. A decis\u00e3o ressaltou que a aus\u00eancia de termo de posse \u00e9 uma falha san\u00e1vel e que dados extra\u00eddos unilateralmente de sistema sem fonte prim\u00e1ria n\u00e3o prevalecem sobre a lei que estabelece o quadro de cargos. <\/span><\/p>\n<p style=\"text-align: justify;\"><span style=\"font-size: 14pt;\">Foi destacado que a responsabiliza\u00e7\u00e3o por irregularidades n\u00e3o pode recair sobre a atual gestora, dado que a remessa em desconformidade ocorreu na gest\u00e3o anterior. A sess\u00e3o foi presidida pelo Conselheiro Valdecir Pascoal e acompanhada por outros conselheiros. O total de admiss\u00f5es aprovadas foi de 49.<\/span><\/p>\n","protected":false},"excerpt":{"rendered":"<p>A Segunda C&acirc;mara do Tribunal de Contas do Estado de Pernambuco, durante sess&atilde;o realizada em 09\/07\/2026, analisou 89 admiss&otilde;es de pessoal na Prefeitura Municipal de Itapetim decorrentes do concurso p&uacute;blico regido pelo Edital n&ordm; 01\/2022. A auditoria identificou irregularidades na remessa dos atos de admiss&atilde;o, como a falta de ato de nomea&ccedil;&atilde;o e termo de &#8230; <a title=\"TCE julga admiss\u00f5es na Prefeitura de Itapetim no ano de 2022\" class=\"read-more\" href=\"https:\/\/afogadosonline.com.br\/index.php\/2026\/07\/14\/tce-julga-admissoes-na-prefeitura-de-itapetim-no-ano-de-2022\/\" aria-label=\"Read more about TCE julga admiss\u00f5es na Prefeitura de Itapetim no ano de 2022\">Ler mais<\/a><\/p>\n","protected":false},"author":2,"featured_media":0,"comment_status":"closed","ping_status":"closed","sticky":false,"template":"","format":"standard","meta":{"footnotes":""},"categories":[2],"tags":[],"class_list":["post-40287","post","type-post","status-publish","format-standard","hentry","category-uncategorised"],"_links":{"self":[{"href":"https:\/\/afogadosonline.com.br\/index.php\/wp-json\/wp\/v2\/posts\/40287"}],"collection":[{"href":"https:\/\/afogadosonline.com.br\/index.php\/wp-json\/wp\/v2\/posts"}],"about":[{"href":"https:\/\/afogadosonline.com.br\/index.php\/wp-json\/wp\/v2\/types\/post"}],"author":[{"embeddable":true,"href":"https:\/\/afogadosonline.com.br\/index.php\/wp-json\/wp\/v2\/users\/2"}],"replies":[{"embeddable":true,"href":"https:\/\/afogadosonline.com.br\/index.php\/wp-json\/wp\/v2\/comments?post=40287"}],"version-history":[{"count":1,"href":"https:\/\/afogadosonline.com.br\/index.php\/wp-json\/wp\/v2\/posts\/40287\/revisions"}],"predecessor-version":[{"id":40288,"href":"https:\/\/afogadosonline.com.br\/index.php\/wp-json\/wp\/v2\/posts\/40287\/revisions\/40288"}],"wp:attachment":[{"href":"https:\/\/afogadosonline.com.br\/index.php\/wp-json\/wp\/v2\/media?parent=40287"}],"wp:term":[{"taxonomy":"category","embeddable":true,"href":"https:\/\/afogadosonline.com.br\/index.php\/wp-json\/wp\/v2\/categories?post=40287"},{"taxonomy":"post_tag","embeddable":true,"href":"https:\/\/afogadosonline.com.br\/index.php\/wp-json\/wp\/v2\/tags?post=40287"}],"curies":[{"name":"wp","href":"https:\/\/api.w.org\/{rel}","templated":true}]}}