{"id":40215,"date":"2026-07-04T22:37:36","date_gmt":"2026-07-05T01:37:36","guid":{"rendered":"https:\/\/afogadosonline.com.br\/?p=40215"},"modified":"2026-07-04T22:37:36","modified_gmt":"2026-07-05T01:37:36","slug":"regras-do-periodo-de-defeso-eleitoral-comecam-a-valer-neste-sabado","status":"publish","type":"post","link":"https:\/\/afogadosonline.com.br\/index.php\/2026\/07\/04\/regras-do-periodo-de-defeso-eleitoral-comecam-a-valer-neste-sabado\/","title":{"rendered":"Regras do per\u00edodo de defeso eleitoral come\u00e7am a valer neste s\u00e1bado"},"content":{"rendered":"<p><img fetchpriority=\"high\" decoding=\"async\" class=\"wp-image-17329 aligncenter\" src=\"https:\/\/afogadosonline.com.br\/wp-content\/uploads\/2020\/08\/eleicao_urna.jpg\" alt=\"\" width=\"635\" height=\"397\" srcset=\"https:\/\/afogadosonline.com.br\/wp-content\/uploads\/2020\/08\/eleicao_urna.jpg 800w, https:\/\/afogadosonline.com.br\/wp-content\/uploads\/2020\/08\/eleicao_urna-300x188.jpg 300w, https:\/\/afogadosonline.com.br\/wp-content\/uploads\/2020\/08\/eleicao_urna-768x480.jpg 768w\" sizes=\"(max-width: 635px) 100vw, 635px\" \/><\/p>\n<p style=\"text-align: justify;\"><span style=\"font-size: 14pt;\">As principais proibi\u00e7\u00f5es previstas na legisla\u00e7\u00e3o eleitoral para evitar o uso da m\u00e1quina p\u00fablica durante a campanha eleitoral entram em vigor neste s\u00e1bado (4). O in\u00edcio das restri\u00e7\u00f5es come\u00e7a a valer tr\u00eas meses antes do primeiro turno, marcado para 4 de outubro.<\/span><\/p>\n<p style=\"text-align: justify;\"><span style=\"font-size: 14pt;\">Durante o chamado per\u00edodo de defeso eleitoral, candidatos est\u00e3o proibidos de comparecer a inaugura\u00e7\u00f5es de obras p\u00fablicas. Al\u00e9m disso, sites governamentais devem retirar conte\u00fados que mencionem candidatos. Somente conte\u00fados de utilidade p\u00fablica poder\u00e3o ser mantidos.<\/span><\/p>\n<p style=\"text-align: justify;\"><span style=\"font-size: 14pt;\">Conforme as regras eleitorais, as p\u00e1ginas oficiais de \u00f3rg\u00e3os dos governos federal e estadual devem retirar do ar nomes, s\u00edmbolos e imagens que possam identificar pol\u00edticos ou seu trabalho na administra\u00e7\u00e3o p\u00fablica, ainda que a publica\u00e7\u00e3o tenha sido realizada em momento posterior ao dia 4 de julho.<\/span><\/p>\n<p style=\"text-align: justify;\"><span style=\"font-size: 14pt;\">Est\u00e1 proibida a realiza\u00e7\u00e3o de publicidade institucional de obras, servi\u00e7os e campanhas de \u00f3rg\u00e3os p\u00fablicos. A contrata\u00e7\u00e3o de shows art\u00edsticos com recursos p\u00fablicos tamb\u00e9m est\u00e1 proibida.<\/span><\/p>\n<p style=\"text-align: justify;\"><span style=\"font-size: 14pt;\">Os pronunciamentos em cadeia de r\u00e1dio e televis\u00e3o est\u00e3o vetados, mas poder\u00e3o ser liberados previamente pela Justi\u00e7a Eleitoral em casos de emerg\u00eancia.<\/span><\/p>\n<p style=\"text-align: justify;\"><span style=\"font-size: 14pt;\">As veda\u00e7\u00f5es est\u00e3o previstas na Lei 9.504 de 1997, a chamada Lei das Elei\u00e7\u00f5es, e resolu\u00e7\u00f5es do Tribunal Superior Eleitoral (TSE).<\/span><\/p>\n<p style=\"text-align: justify;\"><span style=\"font-size: 14pt;\"><strong>Contrata\u00e7\u00f5es<\/strong> <\/span><\/p>\n<p style=\"text-align: justify;\"><span style=\"font-size: 14pt;\">Agentes p\u00fablicos est\u00e3o proibidos de nomear funcion\u00e1rios p\u00fablicos, dispensar sem justa causa, exonerar, retirar vantagens, transferir, dificultar ou impedir o exerc\u00edcio funcional dos servidores p\u00fablicos.<\/span><\/p>\n<p style=\"text-align: justify;\"><span style=\"font-size: 14pt;\">As contrata\u00e7\u00f5es e demiss\u00f5es s\u00f3 poder\u00e3o ser realizadas nos casos de nomea\u00e7\u00e3o ou exonera\u00e7\u00e3o de cargos em comiss\u00e3o, dispensa de fun\u00e7\u00f5es de confian\u00e7a ou para garantir o funcionamento de servi\u00e7os p\u00fablicos essenciais.<\/span><\/p>\n<p style=\"text-align: justify;\"><span style=\"font-size: 14pt;\">Est\u00e3o exclu\u00eddas da proibi\u00e7\u00e3o as nomea\u00e7\u00f5es para os cargos do Judici\u00e1rio, Minist\u00e9rio P\u00fablico, dos tribunais de contas e \u00f3rg\u00e3os da Presid\u00eancia da Rep\u00fablica.<\/span><\/p>\n<p style=\"text-align: justify;\"><span style=\"font-size: 14pt;\">Os aprovados em concursos p\u00fablicos s\u00f3 poder\u00e3o ser nomeados se o certame tiver sido homologado at\u00e9 4 de julho.<\/span><\/p>\n<p style=\"text-align: justify;\"><span style=\"font-size: 14pt;\"><strong>Recursos<\/strong><\/span><\/p>\n<p style=\"text-align: justify;\"><span style=\"font-size: 14pt;\">Agentes p\u00fablicos tamb\u00e9m n\u00e3o poder\u00e3o fazer transfer\u00eancias volunt\u00e1rias de recursos do governo federal aos estados e munic\u00edpios e dos estados aos munic\u00edpios. Os repasses s\u00f3 estar\u00e3o liberados nos casos de execu\u00e7\u00e3o de obras pr\u00e9-existentes ou calamidade p\u00fablica.<\/span><\/p>\n<p style=\"text-align: justify;\"><span style=\"font-size: 14pt;\"><strong>Conven\u00e7\u00f5es<\/strong> <\/span><\/p>\n<p style=\"text-align: justify;\"><span style=\"font-size: 14pt;\">A partir deste domingo (5), est\u00e1 autorizada propaganda interna dos pr\u00e9-candidatos \u00e0s conven\u00e7\u00f5es partid\u00e1rias, que poder\u00e3o come\u00e7ar em 20 de julho. O uso de propaganda externa no r\u00e1dio, TV ou outdoor est\u00e1 proibida.<\/span><\/p>\n<p style=\"text-align: justify;\"><span style=\"font-size: 14pt;\">Para concorrer \u00e0s vagas das elei\u00e7\u00f5es de outubro, os candidatos precisam ter seus nomes aprovados pelos partidos. A escolha \u00e9 realizada por meio das conven\u00e7\u00f5es.<\/span><\/p>\n<p style=\"text-align: justify;\"><span style=\"font-size: 14pt;\"><strong>Elei\u00e7\u00f5es<\/strong><\/span><\/p>\n<p style=\"text-align: justify;\"><span style=\"font-size: 14pt;\">O primeiro turno ser\u00e1 realizado no dia 4 de outubro, quando ser\u00e3o eleitos, deputados federais, estaduais, distritais, governadores, senadores e o presidente da Rep\u00fablica. O segundo turno est\u00e1 marcado para o dia 25, caso seja necess\u00e1rio.<\/span><\/p>\n","protected":false},"excerpt":{"rendered":"<p>As principais proibi&ccedil;&otilde;es previstas na legisla&ccedil;&atilde;o eleitoral para evitar o uso da m&aacute;quina p&uacute;blica durante a campanha eleitoral entram em vigor neste s&aacute;bado (4). O in&iacute;cio das restri&ccedil;&otilde;es come&ccedil;a a valer tr&ecirc;s meses antes do primeiro turno, marcado para 4 de outubro. Durante o chamado per&iacute;odo de defeso eleitoral, candidatos est&atilde;o proibidos de comparecer a &#8230; <a title=\"Regras do per\u00edodo de defeso eleitoral come\u00e7am a valer neste s\u00e1bado\" class=\"read-more\" href=\"https:\/\/afogadosonline.com.br\/index.php\/2026\/07\/04\/regras-do-periodo-de-defeso-eleitoral-comecam-a-valer-neste-sabado\/\" aria-label=\"Read more about Regras do per\u00edodo de defeso eleitoral come\u00e7am a valer neste s\u00e1bado\">Ler mais<\/a><\/p>\n","protected":false},"author":2,"featured_media":0,"comment_status":"closed","ping_status":"closed","sticky":false,"template":"","format":"standard","meta":{"footnotes":""},"categories":[2],"tags":[],"class_list":["post-40215","post","type-post","status-publish","format-standard","hentry","category-uncategorised"],"_links":{"self":[{"href":"https:\/\/afogadosonline.com.br\/index.php\/wp-json\/wp\/v2\/posts\/40215"}],"collection":[{"href":"https:\/\/afogadosonline.com.br\/index.php\/wp-json\/wp\/v2\/posts"}],"about":[{"href":"https:\/\/afogadosonline.com.br\/index.php\/wp-json\/wp\/v2\/types\/post"}],"author":[{"embeddable":true,"href":"https:\/\/afogadosonline.com.br\/index.php\/wp-json\/wp\/v2\/users\/2"}],"replies":[{"embeddable":true,"href":"https:\/\/afogadosonline.com.br\/index.php\/wp-json\/wp\/v2\/comments?post=40215"}],"version-history":[{"count":1,"href":"https:\/\/afogadosonline.com.br\/index.php\/wp-json\/wp\/v2\/posts\/40215\/revisions"}],"predecessor-version":[{"id":40216,"href":"https:\/\/afogadosonline.com.br\/index.php\/wp-json\/wp\/v2\/posts\/40215\/revisions\/40216"}],"wp:attachment":[{"href":"https:\/\/afogadosonline.com.br\/index.php\/wp-json\/wp\/v2\/media?parent=40215"}],"wp:term":[{"taxonomy":"category","embeddable":true,"href":"https:\/\/afogadosonline.com.br\/index.php\/wp-json\/wp\/v2\/categories?post=40215"},{"taxonomy":"post_tag","embeddable":true,"href":"https:\/\/afogadosonline.com.br\/index.php\/wp-json\/wp\/v2\/tags?post=40215"}],"curies":[{"name":"wp","href":"https:\/\/api.w.org\/{rel}","templated":true}]}}