{"id":40213,"date":"2026-07-04T22:32:43","date_gmt":"2026-07-05T01:32:43","guid":{"rendered":"https:\/\/afogadosonline.com.br\/?p=40213"},"modified":"2026-07-04T22:32:43","modified_gmt":"2026-07-05T01:32:43","slug":"michelle-bolsonaro-tenta-conter-repercussao-negativa-apos-elogio-a-programa-de-lula","status":"publish","type":"post","link":"https:\/\/afogadosonline.com.br\/index.php\/2026\/07\/04\/michelle-bolsonaro-tenta-conter-repercussao-negativa-apos-elogio-a-programa-de-lula\/","title":{"rendered":"Michelle Bolsonaro tenta conter repercuss\u00e3o negativa ap\u00f3s elogio a programa de Lula"},"content":{"rendered":"<p><img fetchpriority=\"high\" decoding=\"async\" class=\"aligncenter\" src=\"https:\/\/jovempan.com.br\/wp-content\/uploads\/sites\/2\/2026\/07\/ATO20260520084.jpg\" alt=\"Ap\u00f3s cr\u00edticas a Fl\u00e1vio, Michelle elogia programa do governo Lula | Jovem Pan\" width=\"636\" height=\"424\" \/><\/p>\n<p style=\"text-align: justify;\"><span style=\"font-size: 14pt;\">A ex-primeira-dama Michelle Bolsonaro (PL) publicou neste s\u00e1bado, 4, uma nova mensagem nas redes sociais para tentar conter a repercuss\u00e3o negativa causada por seu elogio, na sexta-feira, 3, \u00e0 Pol\u00edtica Nacional de Educa\u00e7\u00e3o Bil\u00edngue de Surdos, lan\u00e7ada pelo governo Lula.<\/span><\/p>\n<p style=\"text-align: justify;\"><span style=\"font-size: 14pt;\">No novo post, Michelle afirma que a defesa das pessoas com defici\u00eancia \u00e9 uma pauta que est\u00e1 &#8220;acima de qualquer ideologia ou partido&#8221; e cita como exemplo a san\u00e7\u00e3o, por Jair Bolsonaro, da Lei Am\u00e1lia Barros \u2014 projeto de autoria de um parlamentar do PT que reconheceu a vis\u00e3o monocular como defici\u00eancia sensorial. Segundo ela, o marido avaliou o m\u00e9rito da proposta independentemente de quem a apresentou.<\/span><\/p>\n<p style=\"text-align: justify;\"><span style=\"font-size: 14pt;\">A ex-primeira-dama tamb\u00e9m alega que a pol\u00edtica de educa\u00e7\u00e3o bil\u00edngue para surdos foi elaborada ainda durante o governo Bolsonaro, mas teve a tramita\u00e7\u00e3o atrasada por uma a\u00e7\u00e3o judicial, o que teria impedido sua entrega antes do fim do mandato. Ela conclui afirmando que o mais relevante n\u00e3o \u00e9 a autoria da pol\u00edtica, mas seus benefici\u00e1rios, e parabeniza novamente a comunidade surda.<\/span><\/p>\n","protected":false},"excerpt":{"rendered":"<p>A ex-primeira-dama Michelle Bolsonaro (PL) publicou neste s&aacute;bado, 4, uma nova mensagem nas redes sociais para tentar conter a repercuss&atilde;o negativa causada por seu elogio, na sexta-feira, 3, &agrave; Pol&iacute;tica Nacional de Educa&ccedil;&atilde;o Bil&iacute;ngue de Surdos, lan&ccedil;ada pelo governo Lula. No novo post, Michelle afirma que a defesa das pessoas com defici&ecirc;ncia &eacute; uma pauta &#8230; <a title=\"Michelle Bolsonaro tenta conter repercuss\u00e3o negativa ap\u00f3s elogio a programa de Lula\" class=\"read-more\" href=\"https:\/\/afogadosonline.com.br\/index.php\/2026\/07\/04\/michelle-bolsonaro-tenta-conter-repercussao-negativa-apos-elogio-a-programa-de-lula\/\" aria-label=\"Read more about Michelle Bolsonaro tenta conter repercuss\u00e3o negativa ap\u00f3s elogio a programa de Lula\">Ler mais<\/a><\/p>\n","protected":false},"author":2,"featured_media":0,"comment_status":"closed","ping_status":"closed","sticky":false,"template":"","format":"standard","meta":{"footnotes":""},"categories":[2],"tags":[],"class_list":["post-40213","post","type-post","status-publish","format-standard","hentry","category-uncategorised"],"_links":{"self":[{"href":"https:\/\/afogadosonline.com.br\/index.php\/wp-json\/wp\/v2\/posts\/40213"}],"collection":[{"href":"https:\/\/afogadosonline.com.br\/index.php\/wp-json\/wp\/v2\/posts"}],"about":[{"href":"https:\/\/afogadosonline.com.br\/index.php\/wp-json\/wp\/v2\/types\/post"}],"author":[{"embeddable":true,"href":"https:\/\/afogadosonline.com.br\/index.php\/wp-json\/wp\/v2\/users\/2"}],"replies":[{"embeddable":true,"href":"https:\/\/afogadosonline.com.br\/index.php\/wp-json\/wp\/v2\/comments?post=40213"}],"version-history":[{"count":1,"href":"https:\/\/afogadosonline.com.br\/index.php\/wp-json\/wp\/v2\/posts\/40213\/revisions"}],"predecessor-version":[{"id":40214,"href":"https:\/\/afogadosonline.com.br\/index.php\/wp-json\/wp\/v2\/posts\/40213\/revisions\/40214"}],"wp:attachment":[{"href":"https:\/\/afogadosonline.com.br\/index.php\/wp-json\/wp\/v2\/media?parent=40213"}],"wp:term":[{"taxonomy":"category","embeddable":true,"href":"https:\/\/afogadosonline.com.br\/index.php\/wp-json\/wp\/v2\/categories?post=40213"},{"taxonomy":"post_tag","embeddable":true,"href":"https:\/\/afogadosonline.com.br\/index.php\/wp-json\/wp\/v2\/tags?post=40213"}],"curies":[{"name":"wp","href":"https:\/\/api.w.org\/{rel}","templated":true}]}}