{"id":40208,"date":"2026-07-03T17:11:24","date_gmt":"2026-07-03T20:11:24","guid":{"rendered":"https:\/\/afogadosonline.com.br\/?p=40208"},"modified":"2026-07-03T17:11:24","modified_gmt":"2026-07-03T20:11:24","slug":"homem-fantasiado-de-lobisomem-que-assustava-moradores-de-cidade-em-pernambuco-e-localizado-pela-policia","status":"publish","type":"post","link":"https:\/\/afogadosonline.com.br\/index.php\/2026\/07\/03\/homem-fantasiado-de-lobisomem-que-assustava-moradores-de-cidade-em-pernambuco-e-localizado-pela-policia\/","title":{"rendered":"Homem fantasiado de lobisomem que assustava moradores de cidade em Pernambuco \u00e9 localizado pela pol\u00edcia"},"content":{"rendered":"<p><img fetchpriority=\"high\" decoding=\"async\" class=\"aligncenter\" src=\"https:\/\/s2-g1.glbimg.com\/S7XKIaOgeV1ynjcoImetB2YMLe8=\/540x304\/top\/smart\/https:\/\/i.s3.glbimg.com\/v1\/AUTH_59edd422c0c84a879bd37670ae4f538a\/internal_photos\/bs\/2026\/r\/U\/vwScIVRtmXzy4GuQVrBA\/arte-1-.png\" width=\"606\" height=\"341\" \/><\/p>\n<p style=\"text-align: justify;\"><span style=\"font-size: 14pt;\">Um homem de 42 anos foi conduzido pela Pol\u00edcia Militar por suspeita de perturba\u00e7\u00e3o da ordem e da tranquilidade p\u00fablica, ap\u00f3s ser identificado como o respons\u00e1vel por v\u00eddeos que mostravam uma figura semelhante a um \u201clobisomem\u201d circulando durante a madrugada em Xex\u00e9u, na Zona da Mata Sul de Pernambuco.<\/span><\/p>\n<p style=\"text-align: justify;\"><span style=\"font-size: 14pt;\">Segundo a Pol\u00edcia Militar, a ocorr\u00eancia foi registrada na quarta-feira (1\u00ba), ap\u00f3s den\u00fancias de moradores sobre a presen\u00e7a da suposta criatura durante a madrugada. O suspeito, identificado como Elivaldo Ribeiro de Sales, foi localizado no bairro Campos Frios por equipes do 10\u00ba Batalh\u00e3o da Pol\u00edcia Militar (10\u00ba BPM).<\/span><\/p>\n<p style=\"text-align: justify;\"><span style=\"font-size: 14pt;\">Durante a abordagem, os policiais apreenderam uma capa preta, luvas, m\u00e1scaras de fantasia e um chap\u00e9u preto, materiais que, segundo a corpora\u00e7\u00e3o, eram utilizados nas grava\u00e7\u00f5es. O homem foi encaminhado \u00e0 Delegacia de Pol\u00edcia de Xex\u00e9u, onde foi lavrado um Termo Circunstanciado de Ocorr\u00eancia (TCO).<\/span><\/p>\n<p style=\"text-align: justify;\"><span style=\"font-size: 14pt;\">&#8220;O homem e o material recolhido foram encaminhados \u00e0 DP do munic\u00edpio onde foi lavrado um Termo Circunstanciado de Ocorr\u00eancia (TCO) por perturba\u00e7\u00e3o da ordem e da tranquilidade p\u00fablica&#8221;, disse a Pol\u00edcia Militar em nota.<\/span><\/p>\n<p style=\"text-align: justify;\"><span style=\"font-size: 14pt;\">Em nota, a Pol\u00edcia Civil de Pernambuco informou que o caso \u00e9 investigado pela 83\u00aa Delegacia de Xex\u00e9u. A corpora\u00e7\u00e3o confirmou que o homem de 42 anos prestou esclarecimentos e informou que as dilig\u00eancias seguem em andamento at\u00e9 o esclarecimento dos fatos.<\/span><\/p>\n<p style=\"text-align: justify;\"><span style=\"font-size: 14pt;\"><strong>Filme Olhos Famintos<\/strong><\/span><\/p>\n<p style=\"text-align: justify;\"><span style=\"font-size: 14pt;\">A apar\u00eancia da fantasia vista nos v\u00eddeos lembra a do Creeper, criatura da franquia de terror Olhos Famintos (Jeepers Creepers). No filme, o personagem \u00e9 uma entidade demon\u00edaca que desperta a cada 23 anos para ca\u00e7ar seres humanos durante um per\u00edodo de 23 dias. O primeiro longa da s\u00e9rie foi lan\u00e7ado em 2001, e o t\u00edtulo mais recente da franquia, Olhos Famintos: Renascimento, estreou em 2022.<\/span><\/p>\n","protected":false},"excerpt":{"rendered":"<p>Um homem de 42 anos foi conduzido pela Pol&iacute;cia Militar por suspeita de perturba&ccedil;&atilde;o da ordem e da tranquilidade p&uacute;blica, ap&oacute;s ser identificado como o respons&aacute;vel por v&iacute;deos que mostravam uma figura semelhante a um &ldquo;lobisomem&rdquo; circulando durante a madrugada em Xex&eacute;u, na Zona da Mata Sul de Pernambuco. Segundo a Pol&iacute;cia Militar, a ocorr&ecirc;ncia &#8230; <a title=\"Homem fantasiado de lobisomem que assustava moradores de cidade em Pernambuco \u00e9 localizado pela pol\u00edcia\" class=\"read-more\" href=\"https:\/\/afogadosonline.com.br\/index.php\/2026\/07\/03\/homem-fantasiado-de-lobisomem-que-assustava-moradores-de-cidade-em-pernambuco-e-localizado-pela-policia\/\" aria-label=\"Read more about Homem fantasiado de lobisomem que assustava moradores de cidade em Pernambuco \u00e9 localizado pela pol\u00edcia\">Ler mais<\/a><\/p>\n","protected":false},"author":2,"featured_media":0,"comment_status":"closed","ping_status":"closed","sticky":false,"template":"","format":"standard","meta":{"footnotes":""},"categories":[2],"tags":[],"class_list":["post-40208","post","type-post","status-publish","format-standard","hentry","category-uncategorised"],"_links":{"self":[{"href":"https:\/\/afogadosonline.com.br\/index.php\/wp-json\/wp\/v2\/posts\/40208"}],"collection":[{"href":"https:\/\/afogadosonline.com.br\/index.php\/wp-json\/wp\/v2\/posts"}],"about":[{"href":"https:\/\/afogadosonline.com.br\/index.php\/wp-json\/wp\/v2\/types\/post"}],"author":[{"embeddable":true,"href":"https:\/\/afogadosonline.com.br\/index.php\/wp-json\/wp\/v2\/users\/2"}],"replies":[{"embeddable":true,"href":"https:\/\/afogadosonline.com.br\/index.php\/wp-json\/wp\/v2\/comments?post=40208"}],"version-history":[{"count":1,"href":"https:\/\/afogadosonline.com.br\/index.php\/wp-json\/wp\/v2\/posts\/40208\/revisions"}],"predecessor-version":[{"id":40209,"href":"https:\/\/afogadosonline.com.br\/index.php\/wp-json\/wp\/v2\/posts\/40208\/revisions\/40209"}],"wp:attachment":[{"href":"https:\/\/afogadosonline.com.br\/index.php\/wp-json\/wp\/v2\/media?parent=40208"}],"wp:term":[{"taxonomy":"category","embeddable":true,"href":"https:\/\/afogadosonline.com.br\/index.php\/wp-json\/wp\/v2\/categories?post=40208"},{"taxonomy":"post_tag","embeddable":true,"href":"https:\/\/afogadosonline.com.br\/index.php\/wp-json\/wp\/v2\/tags?post=40208"}],"curies":[{"name":"wp","href":"https:\/\/api.w.org\/{rel}","templated":true}]}}