{"id":40181,"date":"2026-06-30T05:44:24","date_gmt":"2026-06-30T08:44:24","guid":{"rendered":"https:\/\/afogadosonline.com.br\/?p=40181"},"modified":"2026-06-29T20:47:15","modified_gmt":"2026-06-29T23:47:15","slug":"governo-de-pernambuco-lanca-plano-inedito-de-combate-e-prevencao-ao-uso-de-drogas","status":"publish","type":"post","link":"https:\/\/afogadosonline.com.br\/index.php\/2026\/06\/30\/governo-de-pernambuco-lanca-plano-inedito-de-combate-e-prevencao-ao-uso-de-drogas\/","title":{"rendered":"Governo de Pernambuco lan\u00e7a plano in\u00e9dito de combate e preven\u00e7\u00e3o ao uso de drogas"},"content":{"rendered":"<p><img fetchpriority=\"high\" decoding=\"async\" class=\"aligncenter\" src=\"https:\/\/imagens.ne10.uol.com.br\/veiculos\/_midias\/jpg\/2026\/06\/29\/whatsapp_image_2026_06_29_at_16_30_01-36874064.jpeg?ims=800x533\" alt=\"O lan\u00e7amento ocorreu durante o semin\u00e1rio &quot;Preven\u00e7\u00e3o \u00e9 Compromisso Coletivo&quot;, realizado no Cais do Sert\u00e3o, no Recife Antigo\" width=\"635\" height=\"424\" \/><\/p>\n<p style=\"text-align: justify;\"><span style=\"font-size: 14pt;\">O Governo de Pernambuco lan\u00e7ou, nesta segunda-feira (29), o Plano Estadual de Pol\u00edticas sobre Drogas (Pepod), o primeiro documento desse tipo na hist\u00f3ria do estado. Apresentado pela vice-governadora Priscila Krause, que representou a governadora Raquel Lyra, o plano re\u00fane diretrizes de preven\u00e7\u00e3o, cuidado, prote\u00e7\u00e3o social e reinser\u00e7\u00e3o para pessoas em situa\u00e7\u00e3o de vulnerabilidade decorrente do uso de \u00e1lcool e outras drogas. A estrat\u00e9gia deve balizar as a\u00e7\u00f5es estaduais na \u00e1rea at\u00e9 o ano de 2030.<\/span><\/p>\n<p style=\"text-align: justify;\"><span style=\"font-size: 14pt;\">De acordo com o governo, a elabora\u00e7\u00e3o do plano foi coordenada pela Secretaria Executiva de Pol\u00edticas sobre Drogas, vinculada \u00e0 Secretaria de A\u00e7\u00e3o Social e Combate \u00e0 Fome, e contou com um processo de escuta ativa que envolveu a sociedade civil, agentes p\u00fablicos e os pr\u00f3prios usu\u00e1rios dos programas de acolhimento. A constru\u00e7\u00e3o coletiva teve a participa\u00e7\u00e3o do Conselho Estadual de Pol\u00edtica sobre Drogas (Cepad) e envolveu diretamente dez secretarias estaduais, incluindo \u00e1reas como Educa\u00e7\u00e3o, Sa\u00fade, Direitos Humanos, Defesa Social, Empreendedorismo e Mulher.<\/span><\/p>\n<p style=\"text-align: justify;\"><span style=\"font-size: 14pt;\">&#8220;Esse \u00e9 o primeiro plano estadual de pol\u00edticas sobre drogas da hist\u00f3ria de Pernambuco. Representa um avan\u00e7o, um amadurecimento das nossas pol\u00edticas, que s\u00e3o reveladas atrav\u00e9s das a\u00e7\u00f5es de preven\u00e7\u00e3o. Esse plano foi constru\u00eddo por muitas m\u00e3os e dezenas e centenas de cora\u00e7\u00f5es\u201d, declarou a vice-governadora Priscila Krause, destacando o car\u00e1ter intersetorial e coletivo da iniciativa.<\/span><\/p>\n","protected":false},"excerpt":{"rendered":"<p>O Governo de Pernambuco lan&ccedil;ou, nesta segunda-feira (29), o Plano Estadual de Pol&iacute;ticas sobre Drogas (Pepod), o primeiro documento desse tipo na hist&oacute;ria do estado. Apresentado pela vice-governadora Priscila Krause, que representou a governadora Raquel Lyra, o plano re&uacute;ne diretrizes de preven&ccedil;&atilde;o, cuidado, prote&ccedil;&atilde;o social e reinser&ccedil;&atilde;o para pessoas em situa&ccedil;&atilde;o de vulnerabilidade decorrente do &#8230; <a title=\"Governo de Pernambuco lan\u00e7a plano in\u00e9dito de combate e preven\u00e7\u00e3o ao uso de drogas\" class=\"read-more\" href=\"https:\/\/afogadosonline.com.br\/index.php\/2026\/06\/30\/governo-de-pernambuco-lanca-plano-inedito-de-combate-e-prevencao-ao-uso-de-drogas\/\" aria-label=\"Read more about Governo de Pernambuco lan\u00e7a plano in\u00e9dito de combate e preven\u00e7\u00e3o ao uso de drogas\">Ler mais<\/a><\/p>\n","protected":false},"author":2,"featured_media":0,"comment_status":"closed","ping_status":"closed","sticky":false,"template":"","format":"standard","meta":{"footnotes":""},"categories":[2],"tags":[],"class_list":["post-40181","post","type-post","status-publish","format-standard","hentry","category-uncategorised"],"_links":{"self":[{"href":"https:\/\/afogadosonline.com.br\/index.php\/wp-json\/wp\/v2\/posts\/40181"}],"collection":[{"href":"https:\/\/afogadosonline.com.br\/index.php\/wp-json\/wp\/v2\/posts"}],"about":[{"href":"https:\/\/afogadosonline.com.br\/index.php\/wp-json\/wp\/v2\/types\/post"}],"author":[{"embeddable":true,"href":"https:\/\/afogadosonline.com.br\/index.php\/wp-json\/wp\/v2\/users\/2"}],"replies":[{"embeddable":true,"href":"https:\/\/afogadosonline.com.br\/index.php\/wp-json\/wp\/v2\/comments?post=40181"}],"version-history":[{"count":1,"href":"https:\/\/afogadosonline.com.br\/index.php\/wp-json\/wp\/v2\/posts\/40181\/revisions"}],"predecessor-version":[{"id":40182,"href":"https:\/\/afogadosonline.com.br\/index.php\/wp-json\/wp\/v2\/posts\/40181\/revisions\/40182"}],"wp:attachment":[{"href":"https:\/\/afogadosonline.com.br\/index.php\/wp-json\/wp\/v2\/media?parent=40181"}],"wp:term":[{"taxonomy":"category","embeddable":true,"href":"https:\/\/afogadosonline.com.br\/index.php\/wp-json\/wp\/v2\/categories?post=40181"},{"taxonomy":"post_tag","embeddable":true,"href":"https:\/\/afogadosonline.com.br\/index.php\/wp-json\/wp\/v2\/tags?post=40181"}],"curies":[{"name":"wp","href":"https:\/\/api.w.org\/{rel}","templated":true}]}}