{"id":40123,"date":"2026-06-22T11:05:33","date_gmt":"2026-06-22T14:05:33","guid":{"rendered":"https:\/\/afogadosonline.com.br\/?p=40123"},"modified":"2026-06-22T11:05:33","modified_gmt":"2026-06-22T14:05:33","slug":"tulio-gadelha-diz-que-lula-nao-estava-feliz-ao-gravar-apoio-a-joao-campos","status":"publish","type":"post","link":"https:\/\/afogadosonline.com.br\/index.php\/2026\/06\/22\/tulio-gadelha-diz-que-lula-nao-estava-feliz-ao-gravar-apoio-a-joao-campos\/","title":{"rendered":"T\u00falio Gad\u00ealha diz que Lula &#8220;n\u00e3o estava feliz&#8221; ao gravar apoio a Jo\u00e3o Campos"},"content":{"rendered":"<p><img fetchpriority=\"high\" decoding=\"async\" class=\"aligncenter\" src=\"https:\/\/www.diariodepernambuco.com.br\/_midias\/jpg\/2026\/03\/31\/tulio_lula_raquel_lyra-870606.jpeg\" alt=\"T\u00falio Gadelha ir\u00e1 se filiar ao PSD nesta quarta-feira (1\u00ba); ele tamb\u00e9m ir\u00e1 anunciar sua pr\u00e9-candidatura ao Senado\/Foto: Divulga\u00e7\u00e3o\" width=\"639\" height=\"383\" \/><\/p>\n<p style=\"text-align: justify;\"><span style=\"font-size: 14pt;\">O deputado federal e pr\u00e9-candidato ao Senado, T\u00falio Gad\u00ealha (PSD), usou as redes sociais para afirmar que o presidente Luiz In\u00e1cio Lula da Silva (PT) &#8220;n\u00e3o estava feliz&#8221; no v\u00eddeo em que expressa apoio \u00e0 pr\u00e9-candidatura de Jo\u00e3o Campos ao governo de Pernambuco. A declara\u00e7\u00e3o vem uma semana ap\u00f3s a divulga\u00e7\u00e3o do material.<\/span><\/p>\n<p style=\"text-align: justify;\"><span style=\"font-size: 14pt;\">&#8220;Eu sou amigo de Lula, eu conhe\u00e7o ele e quem conhece Lula um pouquinho sabe que ele n\u00e3o estava feliz quando gravou aquele v\u00eddeo. Ele precisou gravar aquele v\u00eddeo por conta desses acordos de alian\u00e7a pol\u00edtica partid\u00e1ria&#8221;, ressaltou o deputado.<\/span><\/p>\n<p style=\"text-align: justify;\"><span style=\"font-size: 14pt;\">Em outro trecho do v\u00eddeo, o pr\u00e9-candidato ao Senado relembrou que o PSB n\u00e3o esteve ao lado do presidente Lula no momento em que foi preso, em 2018, e contribuiu para o impeachment da ex-presidente Dilma Rousseff (PT).<\/span><\/p>\n<p style=\"text-align: justify;\"><span style=\"font-size: 14pt;\">&#8220;Uma coisa muito importante: eu estava com Lula quando ele foi preso. Eu acho que deviam ter, no m\u00e1ximo, cinco ou seis pernambucanos; nenhum desses era do PSB. Muito pelo contr\u00e1rio, o PSB de Pernambuco saiu daqui para Bras\u00edlia para afastar a presidente Dilma [Rousseff] e colocar [Michel] Temer no lugar dela. Eu lembro disso porque foi durante o governo Temer que Lula foi preso. A gente n\u00e3o esquece&#8221;, criticou.<\/span><\/p>\n<blockquote class=\"instagram-media\" style=\"background: #FFF; border: 0; border-radius: 3px; box-shadow: 0 0 1px 0 rgba(0,0,0,0.5),0 1px 10px 0 rgba(0,0,0,0.15); margin: 1px; max-width: 540px; min-width: 326px; padding: 0; width: calc(100% - 2px);\" data-instgrm-captioned=\"\" data-instgrm-permalink=\"https:\/\/www.instagram.com\/reel\/DZ2_utnvGII\/?utm_source=ig_embed&amp;utm_campaign=loading\" data-instgrm-version=\"14\">\n<div style=\"padding: 16px;\">\n<p>&nbsp;<\/p>\n<div style=\"display: flex; flex-direction: row; align-items: center;\">\n<div style=\"background-color: #f4f4f4; border-radius: 50%; flex-grow: 0; height: 40px; margin-right: 14px; width: 40px;\"><\/div>\n<div style=\"display: flex; flex-direction: column; flex-grow: 1; justify-content: center;\">\n<div style=\"background-color: #f4f4f4; border-radius: 4px; flex-grow: 0; height: 14px; margin-bottom: 6px; width: 100px;\"><\/div>\n<div style=\"background-color: #f4f4f4; border-radius: 4px; flex-grow: 0; height: 14px; width: 60px;\"><\/div>\n<\/div>\n<\/div>\n<div style=\"padding: 19% 0;\"><\/div>\n<div style=\"display: block; height: 50px; margin: 0 auto 12px; width: 50px;\"><\/div>\n<div style=\"padding-top: 8px;\">\n<div style=\"color: #3897f0; font-family: Arial,sans-serif; font-size: 14px; font-style: normal; font-weight: 550; line-height: 18px;\">Ver essa foto no Instagram<\/div>\n<\/div>\n<div style=\"padding: 12.5% 0;\"><\/div>\n<div style=\"display: flex; flex-direction: row; margin-bottom: 14px; align-items: center;\">\n<div>\n<div style=\"background-color: #f4f4f4; border-radius: 50%; height: 12.5px; width: 12.5px; transform: translateX(0px) translateY(7px);\"><\/div>\n<div style=\"background-color: #f4f4f4; height: 12.5px; transform: rotate(-45deg) translateX(3px) translateY(1px); width: 12.5px; flex-grow: 0; margin-right: 14px; margin-left: 2px;\"><\/div>\n<div style=\"background-color: #f4f4f4; border-radius: 50%; height: 12.5px; width: 12.5px; transform: translateX(9px) translateY(-18px);\"><\/div>\n<\/div>\n<div style=\"margin-left: 8px;\">\n<div style=\"background-color: #f4f4f4; border-radius: 50%; flex-grow: 0; height: 20px; width: 20px;\"><\/div>\n<div style=\"width: 0; height: 0; border-top: 2px solid transparent; border-left: 6px solid #f4f4f4; border-bottom: 2px solid transparent; transform: translateX(16px) translateY(-4px) rotate(30deg);\"><\/div>\n<\/div>\n<div style=\"margin-left: auto;\">\n<div style=\"width: 0px; border-top: 8px solid #F4F4F4; border-right: 8px solid transparent; transform: translateY(16px);\"><\/div>\n<div style=\"background-color: #f4f4f4; flex-grow: 0; height: 12px; width: 16px; transform: translateY(-4px);\"><\/div>\n<div style=\"width: 0; height: 0; border-top: 8px solid #F4F4F4; border-left: 8px solid transparent; transform: translateY(-4px) translateX(8px);\"><\/div>\n<\/div>\n<\/div>\n<div style=\"display: flex; flex-direction: column; flex-grow: 1; justify-content: center; margin-bottom: 24px;\">\n<div style=\"background-color: #f4f4f4; border-radius: 4px; flex-grow: 0; height: 14px; margin-bottom: 6px; width: 224px;\"><\/div>\n<div style=\"background-color: #f4f4f4; border-radius: 4px; flex-grow: 0; height: 14px; width: 144px;\"><\/div>\n<\/div>\n<p>&nbsp;<\/p>\n<p style=\"color: #c9c8cd; font-family: Arial,sans-serif; font-size: 14px; line-height: 17px; margin-bottom: 0; margin-top: 8px; overflow: hidden; padding: 8px 0 7px; text-align: center; text-overflow: ellipsis; white-space: nowrap;\"><a style=\"color: #c9c8cd; font-family: Arial,sans-serif; font-size: 14px; font-style: normal; font-weight: normal; line-height: 17px; text-decoration: none;\" href=\"https:\/\/www.instagram.com\/reel\/DZ2_utnvGII\/?utm_source=ig_embed&amp;utm_campaign=loading\" target=\"_blank\" rel=\"noopener\">Um post compartilhado por Tu\u0301lio Gade\u0302lha (@tulio.gadelha)<\/a><\/p>\n<\/div>\n<\/blockquote>\n<p><script async src=\"\/\/www.instagram.com\/embed.js\"><\/script><\/p>\n","protected":false},"excerpt":{"rendered":"<p>O deputado federal e pr&eacute;-candidato ao Senado, T&uacute;lio Gad&ecirc;lha (PSD), usou as redes sociais para afirmar que o presidente Luiz In&aacute;cio Lula da Silva (PT) &ldquo;n&atilde;o estava feliz&rdquo; no v&iacute;deo em que expressa apoio &agrave; pr&eacute;-candidatura de Jo&atilde;o Campos ao governo de Pernambuco. A declara&ccedil;&atilde;o vem uma semana ap&oacute;s a divulga&ccedil;&atilde;o do material. &ldquo;Eu sou &#8230; <a title=\"T\u00falio Gad\u00ealha diz que Lula &#8220;n\u00e3o estava feliz&#8221; ao gravar apoio a Jo\u00e3o Campos\" class=\"read-more\" href=\"https:\/\/afogadosonline.com.br\/index.php\/2026\/06\/22\/tulio-gadelha-diz-que-lula-nao-estava-feliz-ao-gravar-apoio-a-joao-campos\/\" aria-label=\"Read more about T\u00falio Gad\u00ealha diz que Lula &#8220;n\u00e3o estava feliz&#8221; ao gravar apoio a Jo\u00e3o Campos\">Ler mais<\/a><\/p>\n","protected":false},"author":2,"featured_media":0,"comment_status":"closed","ping_status":"closed","sticky":false,"template":"","format":"standard","meta":{"footnotes":""},"categories":[2],"tags":[],"class_list":["post-40123","post","type-post","status-publish","format-standard","hentry","category-uncategorised"],"_links":{"self":[{"href":"https:\/\/afogadosonline.com.br\/index.php\/wp-json\/wp\/v2\/posts\/40123"}],"collection":[{"href":"https:\/\/afogadosonline.com.br\/index.php\/wp-json\/wp\/v2\/posts"}],"about":[{"href":"https:\/\/afogadosonline.com.br\/index.php\/wp-json\/wp\/v2\/types\/post"}],"author":[{"embeddable":true,"href":"https:\/\/afogadosonline.com.br\/index.php\/wp-json\/wp\/v2\/users\/2"}],"replies":[{"embeddable":true,"href":"https:\/\/afogadosonline.com.br\/index.php\/wp-json\/wp\/v2\/comments?post=40123"}],"version-history":[{"count":1,"href":"https:\/\/afogadosonline.com.br\/index.php\/wp-json\/wp\/v2\/posts\/40123\/revisions"}],"predecessor-version":[{"id":40124,"href":"https:\/\/afogadosonline.com.br\/index.php\/wp-json\/wp\/v2\/posts\/40123\/revisions\/40124"}],"wp:attachment":[{"href":"https:\/\/afogadosonline.com.br\/index.php\/wp-json\/wp\/v2\/media?parent=40123"}],"wp:term":[{"taxonomy":"category","embeddable":true,"href":"https:\/\/afogadosonline.com.br\/index.php\/wp-json\/wp\/v2\/categories?post=40123"},{"taxonomy":"post_tag","embeddable":true,"href":"https:\/\/afogadosonline.com.br\/index.php\/wp-json\/wp\/v2\/tags?post=40123"}],"curies":[{"name":"wp","href":"https:\/\/api.w.org\/{rel}","templated":true}]}}