{"id":40119,"date":"2026-06-22T10:46:49","date_gmt":"2026-06-22T13:46:49","guid":{"rendered":"https:\/\/afogadosonline.com.br\/?p=40119"},"modified":"2026-06-22T10:46:49","modified_gmt":"2026-06-22T13:46:49","slug":"joao-campos-visita-o-pajeu-antigo-reduto-de-esquerda-cita-obras-de-lula-e-critica-raquel","status":"publish","type":"post","link":"https:\/\/afogadosonline.com.br\/index.php\/2026\/06\/22\/joao-campos-visita-o-pajeu-antigo-reduto-de-esquerda-cita-obras-de-lula-e-critica-raquel\/","title":{"rendered":"Jo\u00e3o Campos visita o Paje\u00fa, antigo reduto de esquerda, cita obras de Lula e critica Raquel"},"content":{"rendered":"<p><img fetchpriority=\"high\" decoding=\"async\" class=\"aligncenter\" src=\"https:\/\/imagens.ne10.uol.com.br\/veiculos\/_midias\/jpg\/2026\/06\/22\/440x240\/1_whatsapp_image_2026_06_21_at_20_05_48-36852048.jpeg\" alt=\"o  pr\u00e9-candidato a governador Jo\u00e3o Campos visitou o Sert\u00e3o do Paje\u00fa\" width=\"481\" height=\"261\" \/><\/p>\n<p style=\"text-align: justify;\"><span style=\"font-size: 14pt;\">Com base em duas obras do presidente Lula, a Transposi\u00e7\u00e3o do S\u00e3o Francisco e a constru\u00e7\u00e3o de um campus da UFPE em Sert\u00e2nia \u2013 que citou em seus pronunciamentos como \u201cexemplos da aten\u00e7\u00e3o do presidente Lula e dos que est\u00e3o em seu palanque com a regi\u00e3o\u201d- o pr\u00e9-candidato a governador Jo\u00e3o Campos visitou este final de semana o Sert\u00e3o do Paje\u00fa, antigo reduto do PSB, e fez cr\u00edticas indiretas \u00e0 governadora Raquel Lyra quando afirmou: \u201choje quem est\u00e1 no Governo sai de casa para ficar dizendo que o que n\u00e3o fez foi por culpa de A, B ou C, mas eu vou sair de casa para trabalhar\u201d.<\/span><\/p>\n<p style=\"text-align: justify;\"><span style=\"font-size: 14pt;\">E completou: \u201cA gente n\u00e3o est\u00e1 aqui para ficar reclamando das coisas. A gente est\u00e1 aqui fazendo um diagn\u00f3stico do tempo presente, mas para poder inaugurar um tempo novo, de grandes realiza\u00e7\u00f5es\u201d. Tamb\u00e9m se referindo a Raquel Lyra ele explicou que \u201cno \u00faltimo ano de mandato, o governante tem que fazer entregas e n\u00e3o an\u00fancios\u201d, se referindo a iniciativas da governadora que ainda n\u00e3o sa\u00edram do papel.<\/span><\/p>\n<p style=\"text-align: justify;\"><span style=\"font-size: 14pt;\">Em Sert\u00e2nia, munic\u00edpio administrado pela prefeita Pollyanna Abreu, aliada da governadora, Jo\u00e3o Campos participou de um evento de escuta da popula\u00e7\u00e3o acompanhado pelo ex-prefeito e socialista hist\u00f3rico \u00c2ngelo Ferreira e pelos prefeitos de mais quatro munic\u00edpios da regi\u00e3o como Sandrinho Palmeira, de Afogados da Ingazeira, Luciano Torres, de Ingazeira, M\u00e1rcia Conrado, de Serra Talhada e Bebe \u00c1gua, de Bet\u00e2nia.<\/span><\/p>\n<p style=\"text-align: justify;\"><span style=\"font-size: 14pt;\">Mas, assim como em Sert\u00e2nia onde o PSB perdeu a elei\u00e7\u00e3o local em 2024, no Paje\u00fa muita coisa mudou nos \u00faltimos tempos. Hoje Jo\u00e3o tem o apoio de apenas 7 prefeitos contra 11 que est\u00e3o no palanque de Raquel Lyra. Al\u00e9m dos quatro citados acima ele conta com os prefeitos de Carna\u00edba, Itapetim e Solid\u00e3o. J\u00e1 a governadora est\u00e1 apoiada pelos prefeitos de Tabira, Tuparetama, S\u00e3o Jos\u00e9 do Egito, Brejinho, Santa Terezinha, Calumbi, Triunfo, Santa Cruz da Baixa Verde, Quixaba, Flores e Iguaraci.<\/span><\/p>\n<p style=\"text-align: justify;\"><span style=\"font-size: 14pt;\">Na viagem ao Paje\u00fa, al\u00e9m dos prefeitos citados, Jo\u00e3o Campos estava com seu candidato a vice-governador Carlos Costa e os pr\u00e9-candidatos ao Senado, Humberto Costa e Mar\u00edlia Arraes.<\/span><\/p>\n","protected":false},"excerpt":{"rendered":"<p>Com base em duas obras do presidente Lula, a Transposi&ccedil;&atilde;o do S&atilde;o Francisco e a constru&ccedil;&atilde;o de um campus da UFPE em Sert&acirc;nia &ndash; que citou em seus pronunciamentos como &ldquo;exemplos da aten&ccedil;&atilde;o do presidente Lula e dos que est&atilde;o em seu palanque com a regi&atilde;o&rdquo;- o pr&eacute;-candidato a governador Jo&atilde;o Campos visitou este final &#8230; <a title=\"Jo\u00e3o Campos visita o Paje\u00fa, antigo reduto de esquerda, cita obras de Lula e critica Raquel\" class=\"read-more\" href=\"https:\/\/afogadosonline.com.br\/index.php\/2026\/06\/22\/joao-campos-visita-o-pajeu-antigo-reduto-de-esquerda-cita-obras-de-lula-e-critica-raquel\/\" aria-label=\"Read more about Jo\u00e3o Campos visita o Paje\u00fa, antigo reduto de esquerda, cita obras de Lula e critica Raquel\">Ler mais<\/a><\/p>\n","protected":false},"author":2,"featured_media":0,"comment_status":"closed","ping_status":"closed","sticky":false,"template":"","format":"standard","meta":{"footnotes":""},"categories":[2],"tags":[],"class_list":["post-40119","post","type-post","status-publish","format-standard","hentry","category-uncategorised"],"_links":{"self":[{"href":"https:\/\/afogadosonline.com.br\/index.php\/wp-json\/wp\/v2\/posts\/40119"}],"collection":[{"href":"https:\/\/afogadosonline.com.br\/index.php\/wp-json\/wp\/v2\/posts"}],"about":[{"href":"https:\/\/afogadosonline.com.br\/index.php\/wp-json\/wp\/v2\/types\/post"}],"author":[{"embeddable":true,"href":"https:\/\/afogadosonline.com.br\/index.php\/wp-json\/wp\/v2\/users\/2"}],"replies":[{"embeddable":true,"href":"https:\/\/afogadosonline.com.br\/index.php\/wp-json\/wp\/v2\/comments?post=40119"}],"version-history":[{"count":1,"href":"https:\/\/afogadosonline.com.br\/index.php\/wp-json\/wp\/v2\/posts\/40119\/revisions"}],"predecessor-version":[{"id":40120,"href":"https:\/\/afogadosonline.com.br\/index.php\/wp-json\/wp\/v2\/posts\/40119\/revisions\/40120"}],"wp:attachment":[{"href":"https:\/\/afogadosonline.com.br\/index.php\/wp-json\/wp\/v2\/media?parent=40119"}],"wp:term":[{"taxonomy":"category","embeddable":true,"href":"https:\/\/afogadosonline.com.br\/index.php\/wp-json\/wp\/v2\/categories?post=40119"},{"taxonomy":"post_tag","embeddable":true,"href":"https:\/\/afogadosonline.com.br\/index.php\/wp-json\/wp\/v2\/tags?post=40119"}],"curies":[{"name":"wp","href":"https:\/\/api.w.org\/{rel}","templated":true}]}}