{"id":40052,"date":"2026-06-17T09:55:55","date_gmt":"2026-06-17T12:55:55","guid":{"rendered":"https:\/\/afogadosonline.com.br\/?p=40052"},"modified":"2026-06-17T09:55:55","modified_gmt":"2026-06-17T12:55:55","slug":"nova-pesquisa-multipla-mostra-joao-com-43-contra-38-de-raquel-e-1-de-ivan-moraes","status":"publish","type":"post","link":"https:\/\/afogadosonline.com.br\/index.php\/2026\/06\/17\/nova-pesquisa-multipla-mostra-joao-com-43-contra-38-de-raquel-e-1-de-ivan-moraes\/","title":{"rendered":"Nova pesquisa M\u00faltipla mostra Jo\u00e3o com 43% contra 38% de Raquel e 1% de Ivan Moraes"},"content":{"rendered":"<p><img fetchpriority=\"high\" decoding=\"async\" class=\"aligncenter\" src=\"https:\/\/veja.abril.com.br\/wp-content\/uploads\/2025\/03\/joao-campos-raquel-lyra-pernambuco-jpeg.jpg?crop=1&amp;resize=1212,909\" alt=\"Raquel Lyra volta a citar apoio de Lula e d\u00e1 recado a Jo\u00e3o Campos:  \u201cPernambuco n\u00e3o tem dono\u201d | VEJA\" width=\"638\" height=\"478\" \/><\/p>\n<p style=\"text-align: justify;\"><span style=\"font-size: 14pt;\">Quadro \u00e9 de empate t\u00e9cnico no limite da margem de erro (3%), com invers\u00e3o dos nomes em rela\u00e7\u00e3o \u00e0 pesquisa anterior<\/span><\/p>\n<p style=\"text-align: justify;\"><span style=\"font-size: 14pt;\">Na simula\u00e7\u00e3o de segundo turno, 44% a 41% pr\u00f3 Jo\u00e3o, tamb\u00e9m configurando novamente empate t\u00e9cnico, com socialista numericamente a frente<\/span><\/p>\n<p style=\"text-align: justify;\"><span style=\"font-size: 14pt;\">Levantamento do Instituto M\u00faltipla realizado entre os dias 13 e 16 de junho, com 1.070 entrevistas em Pernambuco, mant\u00e9m o cen\u00e1rio de equil\u00edbrio na corrida pelo Governo do Estado em 2026, mas invertendo o cen\u00e1rio em rela\u00e7\u00e3o \u00e0 pesquisa anterior.<\/span><\/p>\n<p style=\"text-align: justify;\"><span style=\"font-size: 14pt;\">J\u00e1 no cen\u00e1rio estimulado, quando os nomes s\u00e3o apresentados aos eleitores, Jo\u00e3o Campos (PSB) lidera com 43%, seguido por Raquel Lyra (PSD), com 38%. Ivan Moraes aparece com 1%. Os indecisos somam 9% e os votos brancos e nulos chegam a 8%.<\/span><\/p>\n<p style=\"text-align: justify;\"><span style=\"font-size: 14pt;\">No cen\u00e1rio estimulado, Jo\u00e3o Campos foi de 39% para 43%, crescimento de quatro pontos. Raquel Lyra recuou de 43% para 38%.<\/span><\/p>\n<p style=\"text-align: justify;\"><span style=\"font-size: 14pt;\">Em uma eventual disputa de segundo turno, Jo\u00e3o Campos tem 44%, contra 41% de Raquel Lyra. Brancos e nulos representam 7%, enquanto outros 7% permanecem indecisos.<\/span><\/p>\n<p style=\"text-align: justify;\"><span style=\"font-size: 14pt;\">Em maio, Raquel Lyra aparecia numericamente \u00e0 frente, com 44%, contra 41% de Jo\u00e3o Campos. Agora, Jo\u00e3o Campos passou para 44%, enquanto Raquel Lyra ficou com 41%, configurando novamente empate t\u00e9cnico considerando a margem de erro.<\/span><\/p>\n<p style=\"text-align: justify;\"><span style=\"font-size: 14pt;\"><strong>Espont\u00e2nea<\/strong><\/span><\/p>\n<p style=\"text-align: justify;\"><span style=\"font-size: 14pt;\">Na pesquisa espont\u00e2nea, Jo\u00e3o Campos oscilou de 18% para 24%, crescimento de seis pontos. Raquel Lyra recuou de 27% para 25%, uma queda de dois pontos. O percentual de eleitores que n\u00e3o citaram nenhum nome ou estavam indecisos caiu de 54% para 50%, indicando maior defini\u00e7\u00e3o do eleitorado.<\/span><\/p>\n<p style=\"text-align: justify;\"><span style=\"font-size: 14pt;\"><strong>Corrida pelo Senado<\/strong><\/span><\/p>\n<p style=\"text-align: justify;\"><span style=\"font-size: 14pt;\">Na disputa pelas duas vagas ao Senado, a ex-deputada Mar\u00edlia Arraes lidera com 32%. Em seguida aparecem Humberto Costa, com 17%, Miguel Coelho, com 14%, e Eduardo da Fonte, com 13%. T\u00falio Gadelha registra 7%, J\u00f4 Cavalcanti 2%, Fernando Dueire 1% e Paulo Rubem Santiago 1%.<\/span><\/p>\n<p style=\"text-align: justify;\"><span style=\"font-size: 14pt;\"><strong>Dados da pesquisa<\/strong><\/span><\/p>\n<p style=\"text-align: justify;\"><span style=\"font-size: 14pt;\">A pesquisa tem o n\u00famero de identifica\u00e7\u00e3o PE \u2013 02553\/2026. Tem trabalho de campo entre 13 e 16 de junho, com 1.070 entrevistas. A margem de erro de 3% para mais ou para menos.<\/span><\/p>\n<p style=\"text-align: justify;\"><span style=\"font-size: 14pt;\"><strong>MDB tentou evitar divulga\u00e7\u00e3o<\/strong><\/span><\/p>\n<p style=\"text-align: justify;\"><span style=\"font-size: 14pt;\">O MDB de Pernambuco ingressou com novo pedido liminar tentado suspender a divulga\u00e7\u00e3o de mais esse levantamento, como tentou em v\u00e3o na pesquisa anterior.<\/span><\/p>\n<p style=\"text-align: justify;\"><span style=\"font-size: 14pt;\">Segundo o Diretor do Instituto, Ronald Falabella, em linhas geras as alega\u00e7\u00f5es para tentar impedir a divulga\u00e7\u00e3o foram praticamente as mesmas. \u201cS\u00e3o as mesmas quest\u00f5es de ordem meramente formal alegadas na pesquisa anterior. O Instituto j\u00e1 fez a defesa e assim como nos outro caso, n\u00e3o teremos problemas\u201d, diz Falabella.<\/span><\/p>\n<p style=\"text-align: justify;\"><span style=\"font-size: 14pt;\">Entretanto, para garantir o direito \u00e0 informa\u00e7\u00e3o, o instituto decidiu em conjunto com o blog de Nill Jr. antecipar a divulga\u00e7\u00e3o para a meia noite desta quarta-feira.<\/span><\/p>\n","protected":false},"excerpt":{"rendered":"<p>Quadro &eacute; de empate t&eacute;cnico no limite da margem de erro (3%), com invers&atilde;o dos nomes em rela&ccedil;&atilde;o &agrave; pesquisa anterior Na simula&ccedil;&atilde;o de segundo turno, 44% a 41% pr&oacute; Jo&atilde;o, tamb&eacute;m configurando novamente empate t&eacute;cnico, com socialista numericamente a frente Levantamento do Instituto M&uacute;ltipla realizado entre os dias 13 e 16 de junho, com &#8230; <a title=\"Nova pesquisa M\u00faltipla mostra Jo\u00e3o com 43% contra 38% de Raquel e 1% de Ivan Moraes\" class=\"read-more\" href=\"https:\/\/afogadosonline.com.br\/index.php\/2026\/06\/17\/nova-pesquisa-multipla-mostra-joao-com-43-contra-38-de-raquel-e-1-de-ivan-moraes\/\" aria-label=\"Read more about Nova pesquisa M\u00faltipla mostra Jo\u00e3o com 43% contra 38% de Raquel e 1% de Ivan Moraes\">Ler mais<\/a><\/p>\n","protected":false},"author":2,"featured_media":0,"comment_status":"closed","ping_status":"closed","sticky":false,"template":"","format":"standard","meta":{"footnotes":""},"categories":[2],"tags":[],"class_list":["post-40052","post","type-post","status-publish","format-standard","hentry","category-uncategorised"],"_links":{"self":[{"href":"https:\/\/afogadosonline.com.br\/index.php\/wp-json\/wp\/v2\/posts\/40052"}],"collection":[{"href":"https:\/\/afogadosonline.com.br\/index.php\/wp-json\/wp\/v2\/posts"}],"about":[{"href":"https:\/\/afogadosonline.com.br\/index.php\/wp-json\/wp\/v2\/types\/post"}],"author":[{"embeddable":true,"href":"https:\/\/afogadosonline.com.br\/index.php\/wp-json\/wp\/v2\/users\/2"}],"replies":[{"embeddable":true,"href":"https:\/\/afogadosonline.com.br\/index.php\/wp-json\/wp\/v2\/comments?post=40052"}],"version-history":[{"count":1,"href":"https:\/\/afogadosonline.com.br\/index.php\/wp-json\/wp\/v2\/posts\/40052\/revisions"}],"predecessor-version":[{"id":40053,"href":"https:\/\/afogadosonline.com.br\/index.php\/wp-json\/wp\/v2\/posts\/40052\/revisions\/40053"}],"wp:attachment":[{"href":"https:\/\/afogadosonline.com.br\/index.php\/wp-json\/wp\/v2\/media?parent=40052"}],"wp:term":[{"taxonomy":"category","embeddable":true,"href":"https:\/\/afogadosonline.com.br\/index.php\/wp-json\/wp\/v2\/categories?post=40052"},{"taxonomy":"post_tag","embeddable":true,"href":"https:\/\/afogadosonline.com.br\/index.php\/wp-json\/wp\/v2\/tags?post=40052"}],"curies":[{"name":"wp","href":"https:\/\/api.w.org\/{rel}","templated":true}]}}