{"id":39942,"date":"2026-06-06T14:32:30","date_gmt":"2026-06-06T17:32:30","guid":{"rendered":"https:\/\/afogadosonline.com.br\/?p=39942"},"modified":"2026-06-06T14:32:30","modified_gmt":"2026-06-06T17:32:30","slug":"com-entrega-de-novas-armas-e-viaturas-estado-promete-reforcar-prevencao-ao-crime","status":"publish","type":"post","link":"https:\/\/afogadosonline.com.br\/index.php\/2026\/06\/06\/com-entrega-de-novas-armas-e-viaturas-estado-promete-reforcar-prevencao-ao-crime\/","title":{"rendered":"Com entrega de novas armas e viaturas, Estado promete refor\u00e7ar preven\u00e7\u00e3o ao crime"},"content":{"rendered":"<p><img fetchpriority=\"high\" decoding=\"async\" class=\"aligncenter\" src=\"https:\/\/blogcenario.com.br\/wp-content\/uploads\/2026\/06\/WhatsApp-Image-2026-06-05-at-14.44.17-1024x683.jpeg\" alt=\"Raquel Lyra entrega novos ve\u00edculos e equipamentos para for\u00e7as policiais -  Blog Cen\u00e1rio\" width=\"635\" height=\"424\" \/><\/p>\n<p style=\"text-align: justify;\"><span style=\"font-size: 14pt;\">Em mais um ato estrat\u00e9gico da gest\u00e3o Raquel Lyra durante o per\u00edodo de pr\u00e9-campanha, o Governo de Pernambuco anunciou, nesta sexta-feira (5), um novo pacote de investimentos para a \u00e1rea de seguran\u00e7a p\u00fablica, com a entrega de viaturas, armamentos, equipamentos de prote\u00e7\u00e3o e caminh\u00f5es destinados \u00e0s for\u00e7as policiais e ao Corpo de Bombeiros Militar.<\/span><\/p>\n<p style=\"text-align: justify;\"><span style=\"font-size: 14pt;\">Ao todo, os aportes somam R$ 37 milh\u00f5es, segundo a gest\u00e3o estadual. Entre os equipamentos entregues est\u00e3o 70 novas viaturas para a Pol\u00edcia Militar, mais de 5,5 mil armamentos e 1,1 mil equipamentos de prote\u00e7\u00e3o individual (EPIs), incluindo capacetes, botas e outros itens utilizados nas atividades operacionais.<\/span><\/p>\n<p style=\"text-align: justify;\"><span style=\"font-size: 14pt;\">A iniciativa integra o programa Juntos pela Seguran\u00e7a e contempla as estruturas da Pol\u00edcia Militar, Pol\u00edcia Civil e Corpo de Bombeiros. Somados, os ve\u00edculos entregues nesta etapa chegam a 90 unidades.<\/span><\/p>\n<p style=\"text-align: justify;\"><span style=\"font-size: 14pt;\">Durante a solenidade realizada no Pal\u00e1cio do Campo das Princesas, no Recife, o secret\u00e1rio de Defesa Social (SDS-PE), Alessandro Carvalho, afirmou que a entrega marca o in\u00edcio do processo de renova\u00e7\u00e3o da frota das for\u00e7as de seguran\u00e7a. Segundo Carvalho, a substitui\u00e7\u00e3o dos ve\u00edculos ocorrer\u00e1 de forma gradual nos pr\u00f3ximos meses, \u00e0 medida que forem conclu\u00eddas as etapas de adapta\u00e7\u00e3o e entrega dos autom\u00f3veis.<\/span><\/p>\n<p style=\"text-align: justify;\"><span style=\"font-size: 14pt;\">\u201cA entrega deste pacote de refor\u00e7o \u00e9 mais um avan\u00e7o na seguran\u00e7a p\u00fablica de Pernambuco e representa a continuidade de uma decis\u00e3o tomada com coragem pelo Governo do Estado para fortalecer a seguran\u00e7a p\u00fablica&#8221;, avaliou Alessandro Carvalho ao garantir que a gest\u00e3o se compromete a oferecer melhores condi\u00e7\u00f5es de trabalho para os profissionais das for\u00e7as de seguran\u00e7a.<\/span><\/p>\n<p style=\"text-align: justify;\"><span style=\"font-size: 14pt;\">O secret\u00e1rio tamb\u00e9m destacou a amplia\u00e7\u00e3o do arsenal das corpora\u00e7\u00f5es estaduais. De acordo com a SDS-PE, 100 novos fuzis passam a integrar as for\u00e7as de seguran\u00e7a, somando-se aos 700 equipamentos do mesmo tipo incorporados \u00e0 estrutura policial no fim do ano passado.<\/span><\/p>\n<p style=\"text-align: justify;\"><span style=\"font-size: 14pt;\">Os recursos utilizados na aquisi\u00e7\u00e3o dos equipamentos s\u00e3o provenientes do Fundo Nacional de Seguran\u00e7a P\u00fablica e de verbas do Tesouro Estadual.<\/span><\/p>\n","protected":false},"excerpt":{"rendered":"<p>Em mais um ato estrat&eacute;gico da gest&atilde;o Raquel Lyra durante o per&iacute;odo de pr&eacute;-campanha, o Governo de Pernambuco anunciou, nesta sexta-feira (5), um novo pacote de investimentos para a &aacute;rea de seguran&ccedil;a p&uacute;blica, com a entrega de viaturas, armamentos, equipamentos de prote&ccedil;&atilde;o e caminh&otilde;es destinados &agrave;s for&ccedil;as policiais e ao Corpo de Bombeiros Militar. Ao &#8230; <a title=\"Com entrega de novas armas e viaturas, Estado promete refor\u00e7ar preven\u00e7\u00e3o ao crime\" class=\"read-more\" href=\"https:\/\/afogadosonline.com.br\/index.php\/2026\/06\/06\/com-entrega-de-novas-armas-e-viaturas-estado-promete-reforcar-prevencao-ao-crime\/\" aria-label=\"Read more about Com entrega de novas armas e viaturas, Estado promete refor\u00e7ar preven\u00e7\u00e3o ao crime\">Ler mais<\/a><\/p>\n","protected":false},"author":2,"featured_media":0,"comment_status":"closed","ping_status":"closed","sticky":false,"template":"","format":"standard","meta":{"footnotes":""},"categories":[2],"tags":[],"class_list":["post-39942","post","type-post","status-publish","format-standard","hentry","category-uncategorised"],"_links":{"self":[{"href":"https:\/\/afogadosonline.com.br\/index.php\/wp-json\/wp\/v2\/posts\/39942"}],"collection":[{"href":"https:\/\/afogadosonline.com.br\/index.php\/wp-json\/wp\/v2\/posts"}],"about":[{"href":"https:\/\/afogadosonline.com.br\/index.php\/wp-json\/wp\/v2\/types\/post"}],"author":[{"embeddable":true,"href":"https:\/\/afogadosonline.com.br\/index.php\/wp-json\/wp\/v2\/users\/2"}],"replies":[{"embeddable":true,"href":"https:\/\/afogadosonline.com.br\/index.php\/wp-json\/wp\/v2\/comments?post=39942"}],"version-history":[{"count":1,"href":"https:\/\/afogadosonline.com.br\/index.php\/wp-json\/wp\/v2\/posts\/39942\/revisions"}],"predecessor-version":[{"id":39943,"href":"https:\/\/afogadosonline.com.br\/index.php\/wp-json\/wp\/v2\/posts\/39942\/revisions\/39943"}],"wp:attachment":[{"href":"https:\/\/afogadosonline.com.br\/index.php\/wp-json\/wp\/v2\/media?parent=39942"}],"wp:term":[{"taxonomy":"category","embeddable":true,"href":"https:\/\/afogadosonline.com.br\/index.php\/wp-json\/wp\/v2\/categories?post=39942"},{"taxonomy":"post_tag","embeddable":true,"href":"https:\/\/afogadosonline.com.br\/index.php\/wp-json\/wp\/v2\/tags?post=39942"}],"curies":[{"name":"wp","href":"https:\/\/api.w.org\/{rel}","templated":true}]}}