{"id":39897,"date":"2026-06-01T10:25:06","date_gmt":"2026-06-01T13:25:06","guid":{"rendered":"https:\/\/afogadosonline.com.br\/?p=39897"},"modified":"2026-06-01T10:25:06","modified_gmt":"2026-06-01T13:25:06","slug":"datafolha-em-um-possivel-segundo-turno-raquel-e-joao-empatam-na-rmr-lyra-lidera-no-interior-do-estado","status":"publish","type":"post","link":"https:\/\/afogadosonline.com.br\/index.php\/2026\/06\/01\/datafolha-em-um-possivel-segundo-turno-raquel-e-joao-empatam-na-rmr-lyra-lidera-no-interior-do-estado\/","title":{"rendered":"Datafolha: em um poss\u00edvel segundo turno, Raquel e Jo\u00e3o empatam na RMR; Lyra lidera no interior do estado"},"content":{"rendered":"<p><img fetchpriority=\"high\" decoding=\"async\" class=\"aligncenter\" src=\"https:\/\/s2-oglobo.glbimg.com\/WRP1dXhHGWO6iKAWhD_OrpUZ3xQ=\/0x0:2000x1194\/888x0\/smart\/filters:strip_icc()\/i.s3.glbimg.com\/v1\/AUTH_da025474c0c44edd99332dddb09cabe8\/internal_photos\/bs\/2026\/R\/T\/CK7BKCQxiHyfpbxvlwTw\/arte-15-.png\" alt=\"Aliados de Jo\u00e3o Campos veem campanha negativa nas redes como motivo de  virada de Raquel Lyra em pesquisa ao governo de Pernambuco\" width=\"634\" height=\"379\" \/><\/p>\n<p style=\"text-align: justify;\"><span style=\"font-size: 14pt;\">A mais recente pesquisa Datafolha sobre a disputa pelo governo de Pernambuco, divulgada na \u00faltima quinta-feira (28), detalha o comportamento do eleitorado de acordo com a regi\u00e3o. O cruzamento dos dados revela um cen\u00e1rio de forte competitividade na Regi\u00e3o Metropolitana do Recife (RMR), onde Raquel Lyra (PSD) e Jo\u00e3o Campos (PSB) aparecem numericamente empatados em uma simula\u00e7\u00e3o de segundo turno, segundo o Datafolha. J\u00e1 nos munic\u00edpios do interior, a atual governadora consolida maioria das inten\u00e7\u00f5es de voto.<\/span><\/p>\n<p style=\"text-align: justify;\"><span style=\"font-size: 14pt;\">A pesquisa foi realizada com 1.022 eleitores entre os dias 25 e 27 de maio de 2026, com uma margem de erro de 3 pontos percentuais para mais ou para menos.<\/span><\/p>\n<p style=\"text-align: justify;\"><span style=\"font-size: 14pt;\"><strong>Simula\u00e7\u00e3o de segundo turno<\/strong><\/span><\/p>\n<p style=\"text-align: justify;\"><span style=\"font-size: 14pt;\">No cen\u00e1rio direto entre os dois candidatos com maior pontua\u00e7\u00e3o, a divis\u00e3o geogr\u00e1fica do eleitorado fica evidente. Enquanto a disputa \u00e9 acirrada na capital e cidades vizinhas, o distanciamento se amplia fora da RMR, de acordo com o instituto.<\/span><\/p>\n<ul style=\"text-align: justify;\">\n<li><span style=\"font-size: 14pt;\">Total do Estado: Raquel Lyra (51%); Jo\u00e3o Campos (44%); Branco\/Nulo (4%)<\/span><\/li>\n<li><span style=\"font-size: 14pt;\">Regi\u00e3o Metropolitana (RMR): Raquel Lyra (48%); Jo\u00e3o Campos (48%); Branco\/Nulo (3%)<\/span><\/li>\n<li><span style=\"font-size: 14pt;\">Interior: Raquel Lyra (53%); Jo\u00e3o Campos (41%); Branco\/Nulo (4%)<\/span><\/li>\n<\/ul>\n<p style=\"text-align: justify;\"><span style=\"font-size: 14pt;\"><strong>Cen\u00e1rio de primeiro turno<\/strong><\/span><\/p>\n<p style=\"text-align: justify;\"><span style=\"font-size: 14pt;\">A pesquisa possui uma margem de erro de tr\u00eas pontos percentuais para mais ou para menos. De acordo com o Datafolha, num cen\u00e1rio de primeiro turno, Raquel Lyra (PSD) e Jo\u00e3o Campos (PSB) aparecem tecnicamente empatados.<\/span><\/p>\n<ul style=\"text-align: justify;\">\n<li><span style=\"font-size: 14pt;\">Raquel Lyra (PSD) &#8211; 48%;<\/span><\/li>\n<li><span style=\"font-size: 14pt;\">Jo\u00e3o Campos (PSB) &#8211; 43%;<\/span><\/li>\n<li><span style=\"font-size: 14pt;\">Ivan Moraes (PSOL) &#8211; 2%;<\/span><\/li>\n<li><span style=\"font-size: 14pt;\">Branco\/Nulo &#8211; 4%.<\/span><\/li>\n<\/ul>\n<p style=\"text-align: justify;\"><span style=\"font-size: 14pt;\">Na pesquisa regionalizada no cen\u00e1rio de primeiro turno, o ex-prefeito do Recife aparece \u00e0 frente (47%) em rela\u00e7\u00e3o \u00e0 atual governadora (43%) na Regi\u00e3o Metropolitana do Recife. Ivan Moraes totaliza 3% das inten\u00e7\u00f5es de votos.<\/span><\/p>\n<p style=\"text-align: justify;\"><span style=\"font-size: 14pt;\">No interior do estado, de acordo com o instituto, Raquel Lyra aparece \u00e0 frente (51%), seguida de Jo\u00e3o Campos (40%). Ivan Moraes aparece com 1% das inten\u00e7\u00f5es de votos. Brancos e nulos t\u00eam 4%.<\/span><\/p>\n","protected":false},"excerpt":{"rendered":"<p>A mais recente pesquisa Datafolha sobre a disputa pelo governo de Pernambuco, divulgada na &uacute;ltima quinta-feira (28), detalha o comportamento do eleitorado de acordo com a regi&atilde;o. O cruzamento dos dados revela um cen&aacute;rio de forte competitividade na Regi&atilde;o Metropolitana do Recife (RMR), onde Raquel Lyra (PSD) e Jo&atilde;o Campos (PSB) aparecem numericamente empatados em &#8230; <a title=\"Datafolha: em um poss\u00edvel segundo turno, Raquel e Jo\u00e3o empatam na RMR; Lyra lidera no interior do estado\" class=\"read-more\" href=\"https:\/\/afogadosonline.com.br\/index.php\/2026\/06\/01\/datafolha-em-um-possivel-segundo-turno-raquel-e-joao-empatam-na-rmr-lyra-lidera-no-interior-do-estado\/\" aria-label=\"Read more about Datafolha: em um poss\u00edvel segundo turno, Raquel e Jo\u00e3o empatam na RMR; Lyra lidera no interior do estado\">Ler mais<\/a><\/p>\n","protected":false},"author":2,"featured_media":0,"comment_status":"closed","ping_status":"closed","sticky":false,"template":"","format":"standard","meta":{"footnotes":""},"categories":[2],"tags":[],"class_list":["post-39897","post","type-post","status-publish","format-standard","hentry","category-uncategorised"],"_links":{"self":[{"href":"https:\/\/afogadosonline.com.br\/index.php\/wp-json\/wp\/v2\/posts\/39897"}],"collection":[{"href":"https:\/\/afogadosonline.com.br\/index.php\/wp-json\/wp\/v2\/posts"}],"about":[{"href":"https:\/\/afogadosonline.com.br\/index.php\/wp-json\/wp\/v2\/types\/post"}],"author":[{"embeddable":true,"href":"https:\/\/afogadosonline.com.br\/index.php\/wp-json\/wp\/v2\/users\/2"}],"replies":[{"embeddable":true,"href":"https:\/\/afogadosonline.com.br\/index.php\/wp-json\/wp\/v2\/comments?post=39897"}],"version-history":[{"count":1,"href":"https:\/\/afogadosonline.com.br\/index.php\/wp-json\/wp\/v2\/posts\/39897\/revisions"}],"predecessor-version":[{"id":39898,"href":"https:\/\/afogadosonline.com.br\/index.php\/wp-json\/wp\/v2\/posts\/39897\/revisions\/39898"}],"wp:attachment":[{"href":"https:\/\/afogadosonline.com.br\/index.php\/wp-json\/wp\/v2\/media?parent=39897"}],"wp:term":[{"taxonomy":"category","embeddable":true,"href":"https:\/\/afogadosonline.com.br\/index.php\/wp-json\/wp\/v2\/categories?post=39897"},{"taxonomy":"post_tag","embeddable":true,"href":"https:\/\/afogadosonline.com.br\/index.php\/wp-json\/wp\/v2\/tags?post=39897"}],"curies":[{"name":"wp","href":"https:\/\/api.w.org\/{rel}","templated":true}]}}