{"id":39314,"date":"2026-04-11T09:52:43","date_gmt":"2026-04-11T12:52:43","guid":{"rendered":"https:\/\/afogadosonline.com.br\/?p=39314"},"modified":"2026-04-11T09:52:43","modified_gmt":"2026-04-11T12:52:43","slug":"com-dois-casos-registrados-por-dia-estado-reforca-vacinacao-contra-gripe","status":"publish","type":"post","link":"https:\/\/afogadosonline.com.br\/index.php\/2026\/04\/11\/com-dois-casos-registrados-por-dia-estado-reforca-vacinacao-contra-gripe\/","title":{"rendered":"Com dois casos registrados por dia, estado refor\u00e7a vacina\u00e7\u00e3o contra gripe"},"content":{"rendered":"<p><img fetchpriority=\"high\" decoding=\"async\" class=\"aligncenter\" src=\"https:\/\/www.diariodepernambuco.com.br\/_midias\/jpg\/2026\/03\/26\/whatsapp_image_2026_03_26_at_17_48_05-867765.jpeg\" alt=\"Campanha de vacina\u00e7\u00e3o contra gripe\/Foto: Tomaz Silva\/Ag\u00eancia Brasil\" width=\"639\" height=\"382\" \/><\/p>\n<p style=\"text-align: justify;\"><span style=\"font-size: 14pt;\">Neste ano, Pernambuco registrou, em m\u00e9dia, dois casos de SRAG decorrente de influenza por dia, segundo a Secretaria Estadual de Sa\u00fade (SES-PE). Em pleno per\u00edodo de sazonalidade da S\u00edndrome Respirat\u00f3ria Aguda Grave (SRAG), a vacina\u00e7\u00e3o contra a gripe \u00e9 ponto-chave para evitar quadros graves da doen\u00e7a. Em vigor desde o \u00faltimo dia 28 de mar\u00e7o, a campanha de imuniza\u00e7\u00e3o segue no estado.<\/span><\/p>\n<p style=\"text-align: justify;\"><span style=\"font-size: 14pt;\">Em 11 dias da campanha, 322.045 mil pessoas foram vacinadas contra a Influenza no estado, repassou a SES. Destas, 238.756 s\u00e3o do grupo de prioridade, composto por crian\u00e7as de 6 meses a menores de 6 anos, gestantes e idosos com 60 anos ou mais. O n\u00famero representa uma cobertura de 10,79% dos priorit\u00e1rios \u2013 a meta do Minist\u00e9rio da Sa\u00fade \u00e9 imunizar 90% do grupo.<\/span><\/p>\n<p style=\"text-align: justify;\"><span style=\"font-size: 14pt;\">O dado, no entanto, n\u00e3o representa uma baixa ades\u00e3o, diz a superintende estadual de imuniza\u00e7\u00e3o, Magda Costa, pela fase inicial de execu\u00e7\u00e3o da imuniza\u00e7\u00e3o. De acordo com ela, no Dia D, foram aplicadas mais de 180 mil doses, quase o dobro do Dia D de 2025, quando 98 mil pessoas foram imunizadas.<\/span><\/p>\n<p style=\"text-align: justify;\"><span style=\"font-size: 14pt;\">At\u00e9 esta sexta (10), 1.371 casos de S\u00edndrome Respirat\u00f3ria Aguda Grave (SRAG) foram contabilizados no Informe Vigil\u00e2ncia dos V\u00edrus Respirat\u00f3rios da SES-PE, com 29 \u00f3bitos reportados.<\/span><\/p>\n","protected":false},"excerpt":{"rendered":"<p>Neste ano, Pernambuco registrou, em m&eacute;dia, dois casos de SRAG decorrente de influenza por dia, segundo a Secretaria Estadual de Sa&uacute;de (SES-PE). Em pleno per&iacute;odo de sazonalidade da S&iacute;ndrome Respirat&oacute;ria Aguda Grave (SRAG), a vacina&ccedil;&atilde;o contra a gripe &eacute; ponto-chave para evitar quadros graves da doen&ccedil;a. Em vigor desde o &uacute;ltimo dia 28 de mar&ccedil;o, &#8230; <a title=\"Com dois casos registrados por dia, estado refor\u00e7a vacina\u00e7\u00e3o contra gripe\" class=\"read-more\" href=\"https:\/\/afogadosonline.com.br\/index.php\/2026\/04\/11\/com-dois-casos-registrados-por-dia-estado-reforca-vacinacao-contra-gripe\/\" aria-label=\"Read more about Com dois casos registrados por dia, estado refor\u00e7a vacina\u00e7\u00e3o contra gripe\">Ler mais<\/a><\/p>\n","protected":false},"author":2,"featured_media":0,"comment_status":"closed","ping_status":"closed","sticky":false,"template":"","format":"standard","meta":{"footnotes":""},"categories":[1],"tags":[],"class_list":["post-39314","post","type-post","status-publish","format-standard","hentry","category-sem-categoria"],"_links":{"self":[{"href":"https:\/\/afogadosonline.com.br\/index.php\/wp-json\/wp\/v2\/posts\/39314"}],"collection":[{"href":"https:\/\/afogadosonline.com.br\/index.php\/wp-json\/wp\/v2\/posts"}],"about":[{"href":"https:\/\/afogadosonline.com.br\/index.php\/wp-json\/wp\/v2\/types\/post"}],"author":[{"embeddable":true,"href":"https:\/\/afogadosonline.com.br\/index.php\/wp-json\/wp\/v2\/users\/2"}],"replies":[{"embeddable":true,"href":"https:\/\/afogadosonline.com.br\/index.php\/wp-json\/wp\/v2\/comments?post=39314"}],"version-history":[{"count":1,"href":"https:\/\/afogadosonline.com.br\/index.php\/wp-json\/wp\/v2\/posts\/39314\/revisions"}],"predecessor-version":[{"id":39315,"href":"https:\/\/afogadosonline.com.br\/index.php\/wp-json\/wp\/v2\/posts\/39314\/revisions\/39315"}],"wp:attachment":[{"href":"https:\/\/afogadosonline.com.br\/index.php\/wp-json\/wp\/v2\/media?parent=39314"}],"wp:term":[{"taxonomy":"category","embeddable":true,"href":"https:\/\/afogadosonline.com.br\/index.php\/wp-json\/wp\/v2\/categories?post=39314"},{"taxonomy":"post_tag","embeddable":true,"href":"https:\/\/afogadosonline.com.br\/index.php\/wp-json\/wp\/v2\/tags?post=39314"}],"curies":[{"name":"wp","href":"https:\/\/api.w.org\/{rel}","templated":true}]}}