{"id":31486,"date":"2024-01-16T10:44:33","date_gmt":"2024-01-16T13:44:33","guid":{"rendered":"https:\/\/afogadosonline.com.br\/wp\/?p=31486"},"modified":"2024-01-16T10:44:33","modified_gmt":"2024-01-16T13:44:33","slug":"em-meio-ao-aumento-da-violencia-raquel-lyra-terminou-ano-com-r-102-milhoes-parados-em-fundo-de-seguranca","status":"publish","type":"post","link":"https:\/\/afogadosonline.com.br\/index.php\/2024\/01\/16\/em-meio-ao-aumento-da-violencia-raquel-lyra-terminou-ano-com-r-102-milhoes-parados-em-fundo-de-seguranca\/","title":{"rendered":"Em meio ao aumento da viol\u00eancia, Raquel Lyra terminou ano com R$ 102 milh\u00f5es parados em fundo de seguran\u00e7a"},"content":{"rendered":"<p><img fetchpriority=\"high\" decoding=\"async\" class=\"aligncenter\" src=\"https:\/\/imagens.ne10.uol.com.br\/veiculos\/_midias\/jpg\/2023\/03\/10\/806x444\/1_raquel_lyra_001-22536370.jpeg\" alt=\"EXCLUSIVO: Raquel Lyra 'faz a limpa' tamb\u00e9m na Secretaria Estadual de  Sa\u00fade. Veja os detalhes\" width=\"639\" height=\"351\" \/><\/p>\n<p style=\"text-align: justify;\"><span style=\"font-size: 14pt;\">Em meio ao aumento generalizado dos n\u00fameros da viol\u00eancia em Pernambuco, bem como das fortes cr\u00edticas da oposi\u00e7\u00e3o atual, a governadora Raquel Lyra (PSDB) n\u00e3o chegou a utilizar, em sua totalidade, as verbas do Fundo Estadual de Seguran\u00e7a P\u00fablica e de Defesa Social de Pernambuco (FESPDS) destinadas \u00e0 seguran\u00e7a p\u00fablica no Estado.<\/span><\/p>\n<p style=\"text-align: justify;\"><span style=\"font-size: 14pt;\">O milion\u00e1rio saldo da conta do fundo na virada do ano foi obtida pelo Blog de Jamildo, com exclusividade.<\/span><\/p>\n<p style=\"text-align: justify;\"><span style=\"font-size: 14pt;\">Segundo o documento do Governo Federal, h\u00e1 anos o Governo do Estado executa menos do que recebe do Minist\u00e9rio da Justi\u00e7a, levando a um ac\u00famulo de verbas no fundo que totalizou, no final de 2023, o montante de R$ 102.299.513,91.<\/span><\/p>\n<p style=\"text-align: justify;\"><span style=\"font-size: 14pt;\">Em 2023, o fundo recebeu R$ 48 milh\u00f5es da esfera federal, mas s\u00f3 gastou R$ 24 milh\u00f5es como despesa liquidada. Somando com recursos da anos anteriores, recebidos e tamb\u00e9m n\u00e3o gastos, se chega ao saldo ao final de 2023 de R$ 102 milh\u00f5es.<\/span><\/p>\n<p style=\"text-align: justify;\"><span style=\"font-size: 14pt;\">Para 2024, segundo ano da gest\u00e3o Raquel Lyra, a previs\u00e3o \u00e9 que o fundo receba mais R$ 37 milh\u00f5es.<\/span><\/p>\n","protected":false},"excerpt":{"rendered":"<p>Em meio ao aumento generalizado dos n&uacute;meros da viol&ecirc;ncia em Pernambuco, bem como das fortes cr&iacute;ticas da oposi&ccedil;&atilde;o atual, a governadora Raquel Lyra (PSDB) n&atilde;o chegou a utilizar, em sua totalidade, as verbas do Fundo Estadual de Seguran&ccedil;a P&uacute;blica e de Defesa Social de Pernambuco (FESPDS) destinadas &agrave; seguran&ccedil;a p&uacute;blica no Estado. O milion&aacute;rio saldo &#8230; <a title=\"Em meio ao aumento da viol\u00eancia, Raquel Lyra terminou ano com R$ 102 milh\u00f5es parados em fundo de seguran\u00e7a\" class=\"read-more\" href=\"https:\/\/afogadosonline.com.br\/index.php\/2024\/01\/16\/em-meio-ao-aumento-da-violencia-raquel-lyra-terminou-ano-com-r-102-milhoes-parados-em-fundo-de-seguranca\/\" aria-label=\"Read more about Em meio ao aumento da viol\u00eancia, Raquel Lyra terminou ano com R$ 102 milh\u00f5es parados em fundo de seguran\u00e7a\">Ler mais<\/a><\/p>\n","protected":false},"author":2,"featured_media":0,"comment_status":"closed","ping_status":"closed","sticky":false,"template":"","format":"standard","meta":{"footnotes":""},"categories":[2],"tags":[],"class_list":["post-31486","post","type-post","status-publish","format-standard","hentry","category-uncategorised"],"_links":{"self":[{"href":"https:\/\/afogadosonline.com.br\/index.php\/wp-json\/wp\/v2\/posts\/31486"}],"collection":[{"href":"https:\/\/afogadosonline.com.br\/index.php\/wp-json\/wp\/v2\/posts"}],"about":[{"href":"https:\/\/afogadosonline.com.br\/index.php\/wp-json\/wp\/v2\/types\/post"}],"author":[{"embeddable":true,"href":"https:\/\/afogadosonline.com.br\/index.php\/wp-json\/wp\/v2\/users\/2"}],"replies":[{"embeddable":true,"href":"https:\/\/afogadosonline.com.br\/index.php\/wp-json\/wp\/v2\/comments?post=31486"}],"version-history":[{"count":1,"href":"https:\/\/afogadosonline.com.br\/index.php\/wp-json\/wp\/v2\/posts\/31486\/revisions"}],"predecessor-version":[{"id":31487,"href":"https:\/\/afogadosonline.com.br\/index.php\/wp-json\/wp\/v2\/posts\/31486\/revisions\/31487"}],"wp:attachment":[{"href":"https:\/\/afogadosonline.com.br\/index.php\/wp-json\/wp\/v2\/media?parent=31486"}],"wp:term":[{"taxonomy":"category","embeddable":true,"href":"https:\/\/afogadosonline.com.br\/index.php\/wp-json\/wp\/v2\/categories?post=31486"},{"taxonomy":"post_tag","embeddable":true,"href":"https:\/\/afogadosonline.com.br\/index.php\/wp-json\/wp\/v2\/tags?post=31486"}],"curies":[{"name":"wp","href":"https:\/\/api.w.org\/{rel}","templated":true}]}}