{"id":21230,"date":"2021-05-13T11:07:42","date_gmt":"2021-05-13T14:07:42","guid":{"rendered":"http:\/\/afogadosonline.com.br\/wp\/?p=21230"},"modified":"2021-05-13T11:07:42","modified_gmt":"2021-05-13T14:07:42","slug":"afogados-tce-julga-irregular-gestao-fiscal-de-2018-de-jose-patriota","status":"publish","type":"post","link":"https:\/\/afogadosonline.com.br\/index.php\/2021\/05\/13\/afogados-tce-julga-irregular-gestao-fiscal-de-2018-de-jose-patriota\/","title":{"rendered":"Afogados: TCE julga irregular gest\u00e3o fiscal de 2018 de Jos\u00e9 Patriota"},"content":{"rendered":"<p><img fetchpriority=\"high\" decoding=\"async\" class=\"aligncenter\" src=\"https:\/\/www.amupe.org\/wp-content\/uploads\/2018\/03\/prefeito-Jos%C3%A9-Patriota.jpg\" alt=\"prefeito Jos\u00e9 Patriota | Amupe\" width=\"639\" height=\"426\" \/><\/p>\n<p style=\"text-align: justify;\"><span style=\"font-size: 14pt;\">Trata-se de Processo de Relat\u00f3rio de Gest\u00e3o Fiscal da Prefeitura Municipal de Afogados da Ingazeira, sob responsabilidade do ex-prefeito,\u00a0 Jos\u00e9 Coimbra Patriota Filho, com objetivo de analisar a Consist\u00eancia e a Converg\u00eancia Cont\u00e1bil, em aten\u00e7\u00e3o \u00e0s exig\u00eancias contidas na Lei de Responsabilidade Fiscal (LRF).<\/span><\/p>\n<p style=\"text-align: justify;\"><span style=\"font-size: 14pt;\">A presente auditoria identificou que os demonstrativos cont\u00e1beis apresentados na presta\u00e7\u00e3o de contas de governo do exerc\u00edcio 2018 da Prefeitura Municipal de Afogados da Ingazeira n\u00e3o foram elaborados em conformidade com os modelos estabelecidos pela Secretaria do Tesouro Nacional (STN) e demais normativos, al\u00e9m de apresentarem inconsist\u00eancias grav\u00edssimas, contrariando o artigo 85 da Lei 4.320\/64, a Resolu\u00e7\u00e3o TC 047\/2018 (itens 4, 5, 6, 7, 8, 9, 11 e 12 do Anexo I), e o caput do art. 48 da Lei de Responsabilidade Fiscal.<\/span><\/p>\n<p style=\"text-align: justify;\"><span style=\"font-size: 14pt;\">Diante do exposto, concluiu-se que o Munic\u00edpio apresentou n\u00edvel INSUFICIENTE no que se refere ao grau de converg\u00eancia e consist\u00eancia cont\u00e1bil, sugerindo-se a aplica\u00e7\u00e3o da multa prevista no artigo 73, inc. III, da Lei Estadual 12.600\/04 (Lei Org\u00e2nica do TCEPE) c\/c Resolu\u00e7\u00e3o TC n\u00ba 27\/2017, art. 4\u00ba, inc. IV.<\/span><\/p>\n<p style=\"text-align: justify;\"><span style=\"font-size: 14pt;\">Regularmente notificado, o interessado apresentou defesa, arguindo preliminarmente que o Relat\u00f3rio de Auditoria em exame n\u00e3o trouxe demonstra\u00e7\u00f5es robustas acerca de omiss\u00e3o ou des\u00eddia do agente p\u00fablico, nem muito menos, comprovou qualquer ato que causasse preju\u00edzo ao er\u00e1rio.<\/span><\/p>\n<p style=\"text-align: justify;\"><span style=\"font-size: 14pt;\">Sequencialmente, a defesa exp\u00f4s que a Presta\u00e7\u00e3o de Contas referente \u00e0quele exerc\u00edcio continha toda a informa\u00e7\u00e3o cont\u00e1bil do Munic\u00edpio, o que comprovaria a dilig\u00eancia, efici\u00eancia, transpar\u00eancia e licitude dos atos praticados pelo agente p\u00fablico.<\/span><\/p>\n<p style=\"text-align: justify;\"><span style=\"font-size: 14pt;\">Por fim, o interessado argumentou que o \u00edndice imputado ao munic\u00edpio restou bem pr\u00f3ximo do aceit\u00e1vel, raz\u00e3o pela qual n\u00e3o teria havido comprometimento \u00e0 transpar\u00eancia da gest\u00e3o, na medida em que as informa\u00e7\u00f5es foram tornadas p\u00fablicas, preservando-se, portanto, a confiabilidade dos fatos cont\u00e1beis nas demonstra\u00e7\u00f5es apresentadas no exerc\u00edcio de 2018.<\/span><\/p>\n<p style=\"text-align: justify;\"><span style=\"font-size: 14pt;\">Nesse sentido, uma vez que n\u00e3o foram apontadas falhas materiais, defende-se que o gestor n\u00e3o poderia ser responsabilizado quanto ao grau de converg\u00eancia e consist\u00eancia exigidos nas normas de contabilidade aplicadas ao setor p\u00fablico. <\/span><\/p>\n<p style=\"text-align: justify;\"><span style=\"font-size: 14pt;\">Durante sess\u00e3o realizada na \u00faltima ter\u00e7a (11), os conselheiros, \u00e0 unanimidade, votaram pela rejei\u00e7\u00e3o da referida gest\u00e3o fiscal.<\/span><\/p>\n","protected":false},"excerpt":{"rendered":"<p>Trata-se de Processo de Relat&oacute;rio de Gest&atilde;o Fiscal da Prefeitura Municipal de Afogados da Ingazeira, sob responsabilidade do ex-prefeito,&nbsp; Jos&eacute; Coimbra Patriota Filho, com objetivo de analisar a Consist&ecirc;ncia e a Converg&ecirc;ncia Cont&aacute;bil, em aten&ccedil;&atilde;o &agrave;s exig&ecirc;ncias contidas na Lei de Responsabilidade Fiscal (LRF). A presente auditoria identificou que os demonstrativos cont&aacute;beis apresentados na presta&ccedil;&atilde;o &#8230; <a title=\"Afogados: TCE julga irregular gest\u00e3o fiscal de 2018 de Jos\u00e9 Patriota\" class=\"read-more\" href=\"https:\/\/afogadosonline.com.br\/index.php\/2021\/05\/13\/afogados-tce-julga-irregular-gestao-fiscal-de-2018-de-jose-patriota\/\" aria-label=\"Read more about Afogados: TCE julga irregular gest\u00e3o fiscal de 2018 de Jos\u00e9 Patriota\">Ler mais<\/a><\/p>\n","protected":false},"author":2,"featured_media":0,"comment_status":"closed","ping_status":"closed","sticky":false,"template":"","format":"standard","meta":{"footnotes":""},"categories":[2],"tags":[],"class_list":["post-21230","post","type-post","status-publish","format-standard","hentry","category-uncategorised"],"_links":{"self":[{"href":"https:\/\/afogadosonline.com.br\/index.php\/wp-json\/wp\/v2\/posts\/21230"}],"collection":[{"href":"https:\/\/afogadosonline.com.br\/index.php\/wp-json\/wp\/v2\/posts"}],"about":[{"href":"https:\/\/afogadosonline.com.br\/index.php\/wp-json\/wp\/v2\/types\/post"}],"author":[{"embeddable":true,"href":"https:\/\/afogadosonline.com.br\/index.php\/wp-json\/wp\/v2\/users\/2"}],"replies":[{"embeddable":true,"href":"https:\/\/afogadosonline.com.br\/index.php\/wp-json\/wp\/v2\/comments?post=21230"}],"version-history":[{"count":1,"href":"https:\/\/afogadosonline.com.br\/index.php\/wp-json\/wp\/v2\/posts\/21230\/revisions"}],"predecessor-version":[{"id":21231,"href":"https:\/\/afogadosonline.com.br\/index.php\/wp-json\/wp\/v2\/posts\/21230\/revisions\/21231"}],"wp:attachment":[{"href":"https:\/\/afogadosonline.com.br\/index.php\/wp-json\/wp\/v2\/media?parent=21230"}],"wp:term":[{"taxonomy":"category","embeddable":true,"href":"https:\/\/afogadosonline.com.br\/index.php\/wp-json\/wp\/v2\/categories?post=21230"},{"taxonomy":"post_tag","embeddable":true,"href":"https:\/\/afogadosonline.com.br\/index.php\/wp-json\/wp\/v2\/tags?post=21230"}],"curies":[{"name":"wp","href":"https:\/\/api.w.org\/{rel}","templated":true}]}}