{"id":21224,"date":"2021-05-12T21:44:57","date_gmt":"2021-05-13T00:44:57","guid":{"rendered":"http:\/\/afogadosonline.com.br\/wp\/?p=21224"},"modified":"2021-05-12T21:44:57","modified_gmt":"2021-05-13T00:44:57","slug":"governo-de-pernambuco-volta-atras-e-adia-convocacao-de-aprovados-em-concursos-das-policias","status":"publish","type":"post","link":"https:\/\/afogadosonline.com.br\/index.php\/2021\/05\/12\/governo-de-pernambuco-volta-atras-e-adia-convocacao-de-aprovados-em-concursos-das-policias\/","title":{"rendered":"Governo de Pernambuco volta atr\u00e1s e adia convoca\u00e7\u00e3o de aprovados em concursos das pol\u00edcias"},"content":{"rendered":"<p><img fetchpriority=\"high\" decoding=\"async\" class=\"aligncenter\" src=\"http:\/\/www.pm.pe.gov.br\/wp-content\/uploads\/2020\/01\/Formatura-cfhp-2019-2.jpg\" alt=\"POL\u00cdCIA MILITAR FORMA 495 NOVOS SOLDADOS - Pol\u00edcia Militar de Pernambuco\" width=\"641\" height=\"424\" \/><\/p>\n<p style=\"text-align: justify;\"><span style=\"font-size: 14pt;\">Poucas horas ap\u00f3s anunciar para a imprensa a convoca\u00e7\u00e3o de 1.085 aprovados em concursos da seguran\u00e7a p\u00fablica, o governo de Pernambuco voltou atr\u00e1s da decis\u00e3o. No hor\u00e1rio marcado para a transmiss\u00e3o oficial do an\u00fancio, no youtube, a assessoria do Pal\u00e1cio do Campo das Princesas confirmou que n\u00e3o haver\u00e1 mais a convoca\u00e7\u00e3o. Apenas isso.<\/span><\/p>\n<p style=\"text-align: justify;\"><span style=\"font-size: 14pt;\">&#8220;N\u00e3o haver\u00e1 an\u00fancio da convoca\u00e7\u00e3o dos aprovados nos concursos para seguran\u00e7a p\u00fablica de Pernambuco. As tratativas sobre o cronograma da convoca\u00e7\u00e3o ainda est\u00e3o em andamento e ser\u00e3o divulgadas em breve&#8221;, informou o breve comunicado.<\/span><\/p>\n<p style=\"text-align: justify;\"><span style=\"font-size: 14pt;\">Aprovados pretendem realizar um protesto nesta quinta-feira (13) para cobrar esclarecimentos.<\/span><\/p>\n<p style=\"text-align: justify;\"><span style=\"font-size: 14pt;\">Por volta das 8h, o governo do Estado havia dito que o governador Paulo C\u00e2mara (PSB) autorizaria, nesta quarta-feira (12), a convoca\u00e7\u00e3o dos aprovados para preencher vagas nas pol\u00edcias Militar, Civil, Cient\u00edfica e do Corpo de Bombeiros. N\u00e3o se sabe, por\u00e9m, o motivo do cancelamento.<\/span><\/p>\n<p style=\"text-align: justify;\"><span style=\"font-size: 14pt;\">O que se sabe, no entanto, \u00e9 que os aprovados est\u00e3o revoltados. E com raz\u00e3o. Afinal, eles j\u00e1 deveriam estar nos cursos de forma\u00e7\u00e3o desde abril.<\/span><\/p>\n","protected":false},"excerpt":{"rendered":"<p>Poucas horas ap&oacute;s anunciar para a imprensa a convoca&ccedil;&atilde;o de 1.085 aprovados em concursos da seguran&ccedil;a p&uacute;blica, o governo de Pernambuco voltou atr&aacute;s da decis&atilde;o. No hor&aacute;rio marcado para a transmiss&atilde;o oficial do an&uacute;ncio, no youtube, a assessoria do Pal&aacute;cio do Campo das Princesas confirmou que n&atilde;o haver&aacute; mais a convoca&ccedil;&atilde;o. Apenas isso. &ldquo;N&atilde;o haver&aacute; &#8230; <a title=\"Governo de Pernambuco volta atr\u00e1s e adia convoca\u00e7\u00e3o de aprovados em concursos das pol\u00edcias\" class=\"read-more\" href=\"https:\/\/afogadosonline.com.br\/index.php\/2021\/05\/12\/governo-de-pernambuco-volta-atras-e-adia-convocacao-de-aprovados-em-concursos-das-policias\/\" aria-label=\"Read more about Governo de Pernambuco volta atr\u00e1s e adia convoca\u00e7\u00e3o de aprovados em concursos das pol\u00edcias\">Ler mais<\/a><\/p>\n","protected":false},"author":2,"featured_media":0,"comment_status":"closed","ping_status":"closed","sticky":false,"template":"","format":"standard","meta":{"footnotes":""},"categories":[2],"tags":[],"class_list":["post-21224","post","type-post","status-publish","format-standard","hentry","category-uncategorised"],"_links":{"self":[{"href":"https:\/\/afogadosonline.com.br\/index.php\/wp-json\/wp\/v2\/posts\/21224"}],"collection":[{"href":"https:\/\/afogadosonline.com.br\/index.php\/wp-json\/wp\/v2\/posts"}],"about":[{"href":"https:\/\/afogadosonline.com.br\/index.php\/wp-json\/wp\/v2\/types\/post"}],"author":[{"embeddable":true,"href":"https:\/\/afogadosonline.com.br\/index.php\/wp-json\/wp\/v2\/users\/2"}],"replies":[{"embeddable":true,"href":"https:\/\/afogadosonline.com.br\/index.php\/wp-json\/wp\/v2\/comments?post=21224"}],"version-history":[{"count":1,"href":"https:\/\/afogadosonline.com.br\/index.php\/wp-json\/wp\/v2\/posts\/21224\/revisions"}],"predecessor-version":[{"id":21225,"href":"https:\/\/afogadosonline.com.br\/index.php\/wp-json\/wp\/v2\/posts\/21224\/revisions\/21225"}],"wp:attachment":[{"href":"https:\/\/afogadosonline.com.br\/index.php\/wp-json\/wp\/v2\/media?parent=21224"}],"wp:term":[{"taxonomy":"category","embeddable":true,"href":"https:\/\/afogadosonline.com.br\/index.php\/wp-json\/wp\/v2\/categories?post=21224"},{"taxonomy":"post_tag","embeddable":true,"href":"https:\/\/afogadosonline.com.br\/index.php\/wp-json\/wp\/v2\/tags?post=21224"}],"curies":[{"name":"wp","href":"https:\/\/api.w.org\/{rel}","templated":true}]}}