{"id":20541,"date":"2021-03-28T15:17:52","date_gmt":"2021-03-28T18:17:52","guid":{"rendered":"http:\/\/afogadosonline.com.br\/wp\/?p=20541"},"modified":"2021-03-28T15:17:52","modified_gmt":"2021-03-28T18:17:52","slug":"cirurgias-eletivas-em-pernambuco-permanecem-suspensas-ate-4-de-abril","status":"publish","type":"post","link":"https:\/\/afogadosonline.com.br\/index.php\/2021\/03\/28\/cirurgias-eletivas-em-pernambuco-permanecem-suspensas-ate-4-de-abril\/","title":{"rendered":"Cirurgias eletivas em Pernambuco permanecem suspensas at\u00e9 4 de abril"},"content":{"rendered":"<p><img fetchpriority=\"high\" decoding=\"async\" class=\"aligncenter\" src=\"https:\/\/imagens.ne10.uol.com.br\/veiculos\/_midias\/jpg\/2021\/03\/09\/806x444\/1_whatsapp_image_2021_03_09_at_18_05_16-17218221.jpeg\" alt=\"Divulga\u00e7\u00e3o\/Jonas Santos\" width=\"642\" height=\"353\" \/><\/p>\n<p style=\"text-align: justify;\"><span style=\"font-size: 14pt;\">Cirurgias eletivas permanecer\u00e3o suspensas em Pernambuco por mais tempo. Inicialmente, portaria da Secretaria Estadual de Sa\u00fade determinou que n\u00e3o haveria esses procedimentos at\u00e9 este domingo (28), prazo inicial para a quarentena mais r\u00edgida imposta pelo governo estadual. Agora, uma nova portaria, publicada no Di\u00e1rio oficial deste s\u00e1bado (27), informa a prorroga\u00e7\u00e3o da medida at\u00e9 4 de abril, v\u00e1lida para redes p\u00fablica e privada.<\/span><\/p>\n<p style=\"text-align: justify;\"><span style=\"font-size: 14pt;\">Quando foi anunciada a suspens\u00e3o, em 16 de mar\u00e7o, a secret\u00e1ria executiva de Regula\u00e7\u00e3o em Sa\u00fade, Ricarda Samara, afirmou que o objetivo da medida era reduzir ao m\u00e1ximo a circula\u00e7\u00e3o de pessoas nos servi\u00e7os de sa\u00fade para evitar que fiquem expostas \u00e0 covid-19.<\/span><\/p>\n<p style=\"text-align: justify;\"><span style=\"font-size: 14pt;\"><strong>VOLTA AO TRABALHO<\/strong> &#8211; <\/span><span style=\"font-size: 14pt;\">Tamb\u00e9m no Di\u00e1rio Oficial deste s\u00e1bado consta portaria determinando que os trabalhadores lotados nos \u00f3rg\u00e3os e entidades que prestem servi\u00e7o de sa\u00fade, imunizados com as duas doses da vacina contra a covid-19 e que estejam afastados de suas fun\u00e7\u00f5es, devem retornar ao trabalho presencial 21 dias ap\u00f3s a aplica\u00e7\u00e3o da segunda dose.<\/span><\/p>\n<p style=\"text-align: justify;\"><span style=\"font-size: 14pt;\">Caso o trabalhador finalize o esquema vacinal e ap\u00f3s 21 dias n\u00e3o retorne ao trabalho, ser\u00e3o tomadas as medidas administrativas cab\u00edveis. J\u00e1 aqueles trabalhadores que, porventura, se recusam a tomar a vacina dever\u00e3o assinar um termo de responsabilidade, que ser\u00e1 disponibilizado na sua unidade de lota\u00e7\u00e3o.<\/span><\/p>\n","protected":false},"excerpt":{"rendered":"<p>Cirurgias eletivas permanecer&atilde;o suspensas em Pernambuco por mais tempo. Inicialmente, portaria da Secretaria Estadual de Sa&uacute;de determinou que n&atilde;o haveria esses procedimentos at&eacute; este domingo (28), prazo inicial para a quarentena mais r&iacute;gida imposta pelo governo estadual. Agora, uma nova portaria, publicada no Di&aacute;rio oficial deste s&aacute;bado (27), informa a prorroga&ccedil;&atilde;o da medida at&eacute; 4 &#8230; <a title=\"Cirurgias eletivas em Pernambuco permanecem suspensas at\u00e9 4 de abril\" class=\"read-more\" href=\"https:\/\/afogadosonline.com.br\/index.php\/2021\/03\/28\/cirurgias-eletivas-em-pernambuco-permanecem-suspensas-ate-4-de-abril\/\" aria-label=\"Read more about Cirurgias eletivas em Pernambuco permanecem suspensas at\u00e9 4 de abril\">Ler mais<\/a><\/p>\n","protected":false},"author":2,"featured_media":0,"comment_status":"open","ping_status":"open","sticky":false,"template":"","format":"standard","meta":{"footnotes":""},"categories":[2],"tags":[],"class_list":["post-20541","post","type-post","status-publish","format-standard","hentry","category-uncategorised"],"_links":{"self":[{"href":"https:\/\/afogadosonline.com.br\/index.php\/wp-json\/wp\/v2\/posts\/20541"}],"collection":[{"href":"https:\/\/afogadosonline.com.br\/index.php\/wp-json\/wp\/v2\/posts"}],"about":[{"href":"https:\/\/afogadosonline.com.br\/index.php\/wp-json\/wp\/v2\/types\/post"}],"author":[{"embeddable":true,"href":"https:\/\/afogadosonline.com.br\/index.php\/wp-json\/wp\/v2\/users\/2"}],"replies":[{"embeddable":true,"href":"https:\/\/afogadosonline.com.br\/index.php\/wp-json\/wp\/v2\/comments?post=20541"}],"version-history":[{"count":1,"href":"https:\/\/afogadosonline.com.br\/index.php\/wp-json\/wp\/v2\/posts\/20541\/revisions"}],"predecessor-version":[{"id":20542,"href":"https:\/\/afogadosonline.com.br\/index.php\/wp-json\/wp\/v2\/posts\/20541\/revisions\/20542"}],"wp:attachment":[{"href":"https:\/\/afogadosonline.com.br\/index.php\/wp-json\/wp\/v2\/media?parent=20541"}],"wp:term":[{"taxonomy":"category","embeddable":true,"href":"https:\/\/afogadosonline.com.br\/index.php\/wp-json\/wp\/v2\/categories?post=20541"},{"taxonomy":"post_tag","embeddable":true,"href":"https:\/\/afogadosonline.com.br\/index.php\/wp-json\/wp\/v2\/tags?post=20541"}],"curies":[{"name":"wp","href":"https:\/\/api.w.org\/{rel}","templated":true}]}}