{"id":19084,"date":"2020-11-27T22:51:28","date_gmt":"2020-11-28T01:51:28","guid":{"rendered":"http:\/\/afogadosonline.com.br\/wp\/?p=19084"},"modified":"2020-11-27T22:51:28","modified_gmt":"2020-11-28T01:51:28","slug":"vice-de-joao-campos-omitiu-patrimonio-na-justica-eleitoral-diz-o-globo","status":"publish","type":"post","link":"https:\/\/afogadosonline.com.br\/index.php\/2020\/11\/27\/vice-de-joao-campos-omitiu-patrimonio-na-justica-eleitoral-diz-o-globo\/","title":{"rendered":"Vice de Jo\u00e3o Campos omitiu patrim\u00f4nio na Justi\u00e7a Eleitoral, diz O Globo"},"content":{"rendered":"<p><img fetchpriority=\"high\" decoding=\"async\" class=\"aligncenter\" src=\"https:\/\/imagens2.ne10.uol.com.br\/blogsne10\/jamildo\/uploads\/\/2020\/11\/ciro-2-748x410.jpg\" width=\"637\" height=\"349\" \/><\/p>\n<p style=\"text-align: justify;\"><span style=\"font-size: 14pt;\">A candidatura de Jo\u00e3o Campos (PSB) em Recife pode enfrentar problemas na Justi\u00e7a Eleitoral.<\/span><\/p>\n<p style=\"text-align: justify;\"><span style=\"font-size: 14pt;\">A vice do candidato, Isabella de Rold\u00e3o (PDT), omitiu na declara\u00e7\u00e3o de bens \u00e0 Justi\u00e7a Eleitoral parte de seu patrim\u00f4nio.<\/span><\/p>\n<p style=\"text-align: justify;\"><span style=\"font-size: 14pt;\">Isabella \u00e9 s\u00f3cia do marido, F\u00e1bio Fiorenzano, na empresa Centro de Refer\u00eancia Tecnol\u00f3gica de Engenharia de \u00c1gua e Solo, segundo o site da Receita Federal e a Junta Comercial de Pernambuco. Mas a empresa, aberta em 2010 com capital social de R$ 200 mil, n\u00e3o consta da declara\u00e7\u00e3o de bens entregue ao TRE\/PE.<\/span><\/p>\n<p style=\"text-align: justify;\"><span style=\"font-size: 14pt;\">Amiga da fam\u00edlia Campos-Arraes desde a inf\u00e2ncia, Isabella foi vereadora do Recife e secret\u00e1ria de Habita\u00e7\u00e3o de Geraldo J\u00falio (PSB), o atual prefeito.<\/span><\/p>\n<p style=\"text-align: justify;\"><span style=\"font-size: 14pt;\">O pai de Isabella, Rold\u00e3o Joaquim, foi candidato a vice de Eduardo Campos, pai de Jo\u00e3o Campos, quando perderam a disputa da Prefeitura do Recife em 1992.<\/span><\/p>\n<p style=\"text-align: justify;\"><span style=\"font-size: 14pt;\">Isabella informou que a empresa estava inativa em 2019, n\u00e3o havendo qualquer movimenta\u00e7\u00e3o nos \u00faltimos cinco anos. E que \u201cao detectar o lapso da contabilidade de n\u00e3o incluir as cotas pertencentes\u201d ir\u00e1 retificar a sua declara\u00e7\u00e3o.<\/span><\/p>\n<p style=\"text-align: justify;\"><span style=\"font-size: 14pt;\">De acordo com o site da Receita, a \u00faltima atualiza\u00e7\u00e3o sobre a situa\u00e7\u00e3o cadastrar da empresa aconteceu em 14 de outubro do ano passado, e desde ent\u00e3o, ela consta como \u201cativa\u201d.<\/span><\/p>\n<p style=\"text-align: justify;\"><strong><span style=\"font-size: 14pt;\">Nota da campanha<\/span><\/strong><\/p>\n<p style=\"text-align: justify;\"><span style=\"font-size: 14pt;\"><em>\u201cA candidata a vice da Frente Popular do Recife, Isabella de Rold\u00e3o (PDT), esclarece que a empresa Centro de Refer\u00eancia Tecnologia de Engenharia de \u00c1gua e Solo LTDA estava inativa em 2019, n\u00e3o havendo qualquer movimenta\u00e7\u00e3o nos \u00faltimos cinco anos. Ao detectar o lapso da contabilidade de n\u00e3o incluir as cotas pertencentes \u00e0 candidata em sua declara\u00e7\u00e3o de bens no \u00faltimo exerc\u00edcio de 2019, informamos que a declara\u00e7\u00e3o ser\u00e1 retificada junto \u00e0 Receita Federal\u201d<\/em>, respondeu.<\/span><\/p>\n","protected":false},"excerpt":{"rendered":"<p>A candidatura de Jo&atilde;o Campos (PSB) em Recife pode enfrentar problemas na Justi&ccedil;a Eleitoral. A vice do candidato, Isabella de Rold&atilde;o (PDT), omitiu na declara&ccedil;&atilde;o de bens &agrave; Justi&ccedil;a Eleitoral parte de seu patrim&ocirc;nio. Isabella &eacute; s&oacute;cia do marido, F&aacute;bio Fiorenzano, na empresa Centro de Refer&ecirc;ncia Tecnol&oacute;gica de Engenharia de &Aacute;gua e Solo, segundo o &#8230; <a title=\"Vice de Jo\u00e3o Campos omitiu patrim\u00f4nio na Justi\u00e7a Eleitoral, diz O Globo\" class=\"read-more\" href=\"https:\/\/afogadosonline.com.br\/index.php\/2020\/11\/27\/vice-de-joao-campos-omitiu-patrimonio-na-justica-eleitoral-diz-o-globo\/\" aria-label=\"Read more about Vice de Jo\u00e3o Campos omitiu patrim\u00f4nio na Justi\u00e7a Eleitoral, diz O Globo\">Ler mais<\/a><\/p>\n","protected":false},"author":2,"featured_media":0,"comment_status":"open","ping_status":"open","sticky":false,"template":"","format":"standard","meta":{"footnotes":""},"categories":[2],"tags":[],"class_list":["post-19084","post","type-post","status-publish","format-standard","hentry","category-uncategorised"],"_links":{"self":[{"href":"https:\/\/afogadosonline.com.br\/index.php\/wp-json\/wp\/v2\/posts\/19084"}],"collection":[{"href":"https:\/\/afogadosonline.com.br\/index.php\/wp-json\/wp\/v2\/posts"}],"about":[{"href":"https:\/\/afogadosonline.com.br\/index.php\/wp-json\/wp\/v2\/types\/post"}],"author":[{"embeddable":true,"href":"https:\/\/afogadosonline.com.br\/index.php\/wp-json\/wp\/v2\/users\/2"}],"replies":[{"embeddable":true,"href":"https:\/\/afogadosonline.com.br\/index.php\/wp-json\/wp\/v2\/comments?post=19084"}],"version-history":[{"count":1,"href":"https:\/\/afogadosonline.com.br\/index.php\/wp-json\/wp\/v2\/posts\/19084\/revisions"}],"predecessor-version":[{"id":19085,"href":"https:\/\/afogadosonline.com.br\/index.php\/wp-json\/wp\/v2\/posts\/19084\/revisions\/19085"}],"wp:attachment":[{"href":"https:\/\/afogadosonline.com.br\/index.php\/wp-json\/wp\/v2\/media?parent=19084"}],"wp:term":[{"taxonomy":"category","embeddable":true,"href":"https:\/\/afogadosonline.com.br\/index.php\/wp-json\/wp\/v2\/categories?post=19084"},{"taxonomy":"post_tag","embeddable":true,"href":"https:\/\/afogadosonline.com.br\/index.php\/wp-json\/wp\/v2\/tags?post=19084"}],"curies":[{"name":"wp","href":"https:\/\/api.w.org\/{rel}","templated":true}]}}