{"id":19081,"date":"2020-11-27T16:46:14","date_gmt":"2020-11-27T19:46:14","guid":{"rendered":"http:\/\/afogadosonline.com.br\/wp\/?p=19081"},"modified":"2020-11-27T16:46:14","modified_gmt":"2020-11-27T19:46:14","slug":"paroquiano-de-tuparetama-vence-em-1o-lugar-bendito-em-alusao-aos-150-anos-de-ordenacao-sacerdotal-do-padre-cicero","status":"publish","type":"post","link":"https:\/\/afogadosonline.com.br\/index.php\/2020\/11\/27\/paroquiano-de-tuparetama-vence-em-1o-lugar-bendito-em-alusao-aos-150-anos-de-ordenacao-sacerdotal-do-padre-cicero\/","title":{"rendered":"Paroquiano de Tuparetama vence em 1\u00ba lugar Bendito em alus\u00e3o aos 150 anos de ordena\u00e7\u00e3o sacerdotal do Padre C\u00edcero"},"content":{"rendered":"<p style=\"text-align: justify;\"><span style=\"font-size: 14pt;\"><img fetchpriority=\"high\" decoding=\"async\" class=\"wp-image-19082 alignleft\" src=\"http:\/\/afogadosonline.com.br\/wp\/wp-content\/uploads\/2020\/11\/Paulo_roberto_tuparetama.jpeg\" alt=\"\" width=\"323\" height=\"323\" srcset=\"https:\/\/afogadosonline.com.br\/wp-content\/uploads\/2020\/11\/Paulo_roberto_tuparetama.jpeg 600w, https:\/\/afogadosonline.com.br\/wp-content\/uploads\/2020\/11\/Paulo_roberto_tuparetama-300x300.jpeg 300w, https:\/\/afogadosonline.com.br\/wp-content\/uploads\/2020\/11\/Paulo_roberto_tuparetama-150x150.jpeg 150w\" sizes=\"(max-width: 323px) 100vw, 323px\" \/>Na noite desta quinta-feira, dia 26 de novembro, durante um programa especial transmitido pela TV Web M\u00e3e das Dores, a Bas\u00edlica Santu\u00e1rio anunciou os vencedores do concurso de poesias e benditos, evento que integra a programa\u00e7\u00e3o alusiva aos 150 anos de Ordena\u00e7\u00e3o Sacerdotal do Padre C\u00edcero Rom\u00e3o Batista.<\/span><\/p>\n<p style=\"text-align: justify;\"><span style=\"font-size: 14pt;\">O concurso teve 12 benditos e 15 poesias inscritas. Foram selecionados seis finalistas, do primeiro ao terceiro lugar, nas duas categorias. Os vencedores receber\u00e3o trof\u00e9u e kit alusivo ao sesquicenten\u00e1rio. O j\u00fari foi composto por quatro integrantes: Rozelia Costa, representado o Setor de Comunica\u00e7\u00e3o da Bas\u00edlica; os romeiros Fagner Andrade e Jos\u00e9 Carlos Barbosa, al\u00e9m do jornalista Francisco Mario de Sousa.<\/span><\/p>\n<p style=\"text-align: justify;\"><span style=\"font-size: 14pt;\">Segundo Fagner Andrade, que tamb\u00e9m \u00e9 mestrando em Antropologia pela Universidade Federal de Pernambuco e pesquisador de religi\u00f5es populares, a ideia do concurso foi trazer para o sesquicenten\u00e1rio algo pr\u00f3prio da tradi\u00e7\u00e3o religiosa romeira, contemplando, al\u00e9m dos benditos, a arte popular, os versos, a rima e a poesia.<\/span><\/p>\n<p style=\"text-align: justify;\"><span style=\"font-size: 14pt;\">Animador das romarias desde 2003, Francisco Silva \u00e9 compositor de benditos conhecidos como \u201cVenha os Romeiros com o Chap\u00e9u na M\u00e3o\u201d, cantado, principalmente, na entrada das celebra\u00e7\u00f5es. Come\u00e7ou a escrev\u00ea-los a partir do que ouvia no \u201cEncontro das Tr\u00eas Horas\u201d, conduzido pela Irm\u00e3 Annette Dumoulin, no C\u00edrculo Oper\u00e1rio S\u00e3o Jos\u00e9, durante o qual os romeiros cantam e d\u00e3o testemunho das pr\u00f3prias viv\u00eancias. \u201cEu descobri esse dom [de compor benditos] nas romarias. E aprendi a melodia dos romeiros ouvindo eles cantarem, e isso foi despertando. O bendito \u00e9 uma viv\u00eancia, \u00e9 um testemunho verdadeiro, \u00e9 uma hist\u00f3ria que vem do cora\u00e7\u00e3o\u201d, disse.<\/span><\/p>\n<p style=\"text-align: justify;\"><strong><span style=\"font-size: 14pt;\">Confira a listas dos colocados:<\/span><\/strong><\/p>\n<p style=\"text-align: justify;\"><span style=\"font-size: 14pt;\">Poesias:<\/span><br \/>\n<span style=\"font-size: 14pt;\">1\u00ba lugar \u2013 Maria de F\u00e1tima Ara\u00fajo Teles, de Brejo Santo \u2013 Cear\u00e1;<\/span><\/p>\n<p style=\"text-align: justify;\"><span style=\"font-size: 14pt;\">2\u00ba lugar \u2013 Wagner David Rocha, de Brejo Santo \u2013 Cear\u00e1;<\/span><\/p>\n<p style=\"text-align: justify;\"><span style=\"font-size: 14pt;\">3\u00ba lugar \u2013 Maria do Socorro Mac\u00eado dos Santos, de Juazeiro do Norte \u2013 Cear\u00e1.<\/span><\/p>\n<p style=\"text-align: justify;\"><strong><span style=\"font-size: 14pt;\">Benditos:<\/span><\/strong><br \/>\n<strong><span style=\"font-size: 14pt;\">1\u00ba lugar \u2013 Paulo Roberto Ferreira de Moura, de Tuparetama \u2013 Pernambuco;<\/span><\/strong><\/p>\n<p style=\"text-align: justify;\"><span style=\"font-size: 14pt;\">2\u00ba lugar \u2013 Perolina Lins, de Macei\u00f3 \u2013 Alagoas;<\/span><\/p>\n<p style=\"text-align: justify;\"><span style=\"font-size: 14pt;\">3\u00ba lugar \u2013 Alisson Roberto da Silva, de Cabo de Santo Agostinho \u2013 Pernambuco.<\/span><\/p>\n","protected":false},"excerpt":{"rendered":"<p>Na noite desta quinta-feira, dia 26 de novembro, durante um programa especial transmitido pela TV Web M&atilde;e das Dores, a Bas&iacute;lica Santu&aacute;rio anunciou os vencedores do concurso de poesias e benditos, evento que integra a programa&ccedil;&atilde;o alusiva aos 150 anos de Ordena&ccedil;&atilde;o Sacerdotal do Padre C&iacute;cero Rom&atilde;o Batista. O concurso teve 12 benditos e 15 &#8230; <a title=\"Paroquiano de Tuparetama vence em 1\u00ba lugar Bendito em alus\u00e3o aos 150 anos de ordena\u00e7\u00e3o sacerdotal do Padre C\u00edcero\" class=\"read-more\" href=\"https:\/\/afogadosonline.com.br\/index.php\/2020\/11\/27\/paroquiano-de-tuparetama-vence-em-1o-lugar-bendito-em-alusao-aos-150-anos-de-ordenacao-sacerdotal-do-padre-cicero\/\" aria-label=\"Read more about Paroquiano de Tuparetama vence em 1\u00ba lugar Bendito em alus\u00e3o aos 150 anos de ordena\u00e7\u00e3o sacerdotal do Padre C\u00edcero\">Ler mais<\/a><\/p>\n","protected":false},"author":2,"featured_media":0,"comment_status":"open","ping_status":"open","sticky":false,"template":"","format":"standard","meta":{"footnotes":""},"categories":[2],"tags":[],"class_list":["post-19081","post","type-post","status-publish","format-standard","hentry","category-uncategorised"],"_links":{"self":[{"href":"https:\/\/afogadosonline.com.br\/index.php\/wp-json\/wp\/v2\/posts\/19081"}],"collection":[{"href":"https:\/\/afogadosonline.com.br\/index.php\/wp-json\/wp\/v2\/posts"}],"about":[{"href":"https:\/\/afogadosonline.com.br\/index.php\/wp-json\/wp\/v2\/types\/post"}],"author":[{"embeddable":true,"href":"https:\/\/afogadosonline.com.br\/index.php\/wp-json\/wp\/v2\/users\/2"}],"replies":[{"embeddable":true,"href":"https:\/\/afogadosonline.com.br\/index.php\/wp-json\/wp\/v2\/comments?post=19081"}],"version-history":[{"count":1,"href":"https:\/\/afogadosonline.com.br\/index.php\/wp-json\/wp\/v2\/posts\/19081\/revisions"}],"predecessor-version":[{"id":19083,"href":"https:\/\/afogadosonline.com.br\/index.php\/wp-json\/wp\/v2\/posts\/19081\/revisions\/19083"}],"wp:attachment":[{"href":"https:\/\/afogadosonline.com.br\/index.php\/wp-json\/wp\/v2\/media?parent=19081"}],"wp:term":[{"taxonomy":"category","embeddable":true,"href":"https:\/\/afogadosonline.com.br\/index.php\/wp-json\/wp\/v2\/categories?post=19081"},{"taxonomy":"post_tag","embeddable":true,"href":"https:\/\/afogadosonline.com.br\/index.php\/wp-json\/wp\/v2\/tags?post=19081"}],"curies":[{"name":"wp","href":"https:\/\/api.w.org\/{rel}","templated":true}]}}