{"id":18589,"date":"2020-10-08T17:18:32","date_gmt":"2020-10-08T20:18:32","guid":{"rendered":"http:\/\/afogadosonline.com.br\/wp\/?p=18589"},"modified":"2020-10-08T17:18:32","modified_gmt":"2020-10-08T20:18:32","slug":"serra-talhada-tera-voos-para-recife-a-partir-de-11-de-novembro-diz-governo","status":"publish","type":"post","link":"https:\/\/afogadosonline.com.br\/index.php\/2020\/10\/08\/serra-talhada-tera-voos-para-recife-a-partir-de-11-de-novembro-diz-governo\/","title":{"rendered":"Serra Talhada ter\u00e1 voos para Recife a partir de 11 de novembro, diz governo"},"content":{"rendered":"<p><img fetchpriority=\"high\" decoding=\"async\" class=\"aligncenter\" src=\"https:\/\/imagens.ne10.uol.com.br\/img\/imagens\/2020\/03\/16\/1e05a2c512_vac_abr_161019910.jpg\" alt=\"Avi\u00e3o da Azul\" width=\"639\" height=\"350\" \/><\/p>\n<p style=\"text-align: justify;\"><span style=\"font-size: 14pt;\">O governador Paulo C\u00e2mara anunciou, nesta quinta-feira (08), que o Sert\u00e3o e o Agreste passar\u00e3o a ser conectados pelo servi\u00e7o de transporte a\u00e9reo. A Azul Linhas A\u00e9reas vai ofertar voos diretos e regulares para o Recife, duas vezes por dia, dos aeroportos Santa Magalh\u00e3es, em Serra Talhada, e Oscar Laranjeiras, em Caruaru.<\/span><\/p>\n<p style=\"text-align: justify;\"><span style=\"font-size: 14pt;\">O in\u00edcio das opera\u00e7\u00f5es &#8211; voos para Recife &#8211; est\u00e1 previsto para 11 de novembro. O an\u00fancio aconteceu durante encontro, no in\u00edcio da tarde, no Pal\u00e1cio do Campo das Princesas, com as presen\u00e7as da secret\u00e1ria de Infraestrutura e Recursos H\u00eddricos, Fernandha Batista, e de diretores da Azul.<\/span><\/p>\n<p style=\"text-align: justify;\"><span style=\"font-size: 14pt;\">\u201cA Azul j\u00e1 \u00e9 uma grande parceira de Pernambuco com a conectividade implantada no hub do Recife. Hoje, avan\u00e7amos para interiorizar esse processo em Caruaru e em Serra Talhada. Ser\u00e3o dois voos di\u00e1rios a partir de 11 de novembro. Isso vai ajudar a desenvolver mais ainda o interior do Estado. \u00c9 uma parceria que visa o futuro, a qualidade de vida e o desenvolvimento das regi\u00f5es\u201d, detalhou C\u00e2mara.<\/span><\/p>\n","protected":false},"excerpt":{"rendered":"<p>O governador Paulo C&acirc;mara anunciou, nesta quinta-feira (08), que o Sert&atilde;o e o Agreste passar&atilde;o a ser conectados pelo servi&ccedil;o de transporte a&eacute;reo. A Azul Linhas A&eacute;reas vai ofertar voos diretos e regulares para o Recife, duas vezes por dia, dos aeroportos Santa Magalh&atilde;es, em Serra Talhada, e Oscar Laranjeiras, em Caruaru. O in&iacute;cio das &#8230; <a title=\"Serra Talhada ter\u00e1 voos para Recife a partir de 11 de novembro, diz governo\" class=\"read-more\" href=\"https:\/\/afogadosonline.com.br\/index.php\/2020\/10\/08\/serra-talhada-tera-voos-para-recife-a-partir-de-11-de-novembro-diz-governo\/\" aria-label=\"Read more about Serra Talhada ter\u00e1 voos para Recife a partir de 11 de novembro, diz governo\">Ler mais<\/a><\/p>\n","protected":false},"author":2,"featured_media":0,"comment_status":"open","ping_status":"open","sticky":false,"template":"","format":"standard","meta":{"footnotes":""},"categories":[2],"tags":[],"class_list":["post-18589","post","type-post","status-publish","format-standard","hentry","category-uncategorised"],"_links":{"self":[{"href":"https:\/\/afogadosonline.com.br\/index.php\/wp-json\/wp\/v2\/posts\/18589"}],"collection":[{"href":"https:\/\/afogadosonline.com.br\/index.php\/wp-json\/wp\/v2\/posts"}],"about":[{"href":"https:\/\/afogadosonline.com.br\/index.php\/wp-json\/wp\/v2\/types\/post"}],"author":[{"embeddable":true,"href":"https:\/\/afogadosonline.com.br\/index.php\/wp-json\/wp\/v2\/users\/2"}],"replies":[{"embeddable":true,"href":"https:\/\/afogadosonline.com.br\/index.php\/wp-json\/wp\/v2\/comments?post=18589"}],"version-history":[{"count":1,"href":"https:\/\/afogadosonline.com.br\/index.php\/wp-json\/wp\/v2\/posts\/18589\/revisions"}],"predecessor-version":[{"id":18590,"href":"https:\/\/afogadosonline.com.br\/index.php\/wp-json\/wp\/v2\/posts\/18589\/revisions\/18590"}],"wp:attachment":[{"href":"https:\/\/afogadosonline.com.br\/index.php\/wp-json\/wp\/v2\/media?parent=18589"}],"wp:term":[{"taxonomy":"category","embeddable":true,"href":"https:\/\/afogadosonline.com.br\/index.php\/wp-json\/wp\/v2\/categories?post=18589"},{"taxonomy":"post_tag","embeddable":true,"href":"https:\/\/afogadosonline.com.br\/index.php\/wp-json\/wp\/v2\/tags?post=18589"}],"curies":[{"name":"wp","href":"https:\/\/api.w.org\/{rel}","templated":true}]}}