{"id":18580,"date":"2020-10-07T17:59:08","date_gmt":"2020-10-07T20:59:08","guid":{"rendered":"http:\/\/afogadosonline.com.br\/wp\/?p=18580"},"modified":"2020-10-07T17:59:08","modified_gmt":"2020-10-07T20:59:08","slug":"dom-egidio-preside-missa-dos-santos-oleos-na-diocese-de-afogados-da-ingazeira","status":"publish","type":"post","link":"https:\/\/afogadosonline.com.br\/index.php\/2020\/10\/07\/dom-egidio-preside-missa-dos-santos-oleos-na-diocese-de-afogados-da-ingazeira\/","title":{"rendered":"Dom Egidio preside Missa dos Santos \u00d3leos na diocese de Afogados da Ingazeira"},"content":{"rendered":"<p><img fetchpriority=\"high\" decoding=\"async\" class=\"aligncenter\" src=\"http:\/\/dioceseafogadosdaingazeira.com.br\/portal\/images\/Diocese\/Missa%20do%20Crisma%202020%201.JPG\" width=\"644\" height=\"388\" \/><\/p>\n<p style=\"text-align: justify;\"><span style=\"font-size: 14pt;\">A Missa do Crisma (Santos \u00d3leos) na Diocese de Afogados da Ingazeira que n\u00e3o ocorreu durante a Semana Santa por conta da pandemia, aconteceu na manh\u00e3 desta quarta (7), na Catedral do Senhor Bom Jesus dos Rem\u00e9dios, em Afogados.<\/span><\/p>\n<p style=\"text-align: justify;\"><span style=\"font-size: 14pt;\">A Concelebra\u00e7\u00e3o Eucar\u00edstica contou apenas com as participa\u00e7\u00f5es do clero diocesano, di\u00e1conos e dos seminaristas. Os fieis puderam acompanhar atrav\u00e9s da R\u00e1dio Paje\u00fa.<\/span><\/p>\n<p><img decoding=\"async\" class=\"aligncenter\" src=\"http:\/\/dioceseafogadosdaingazeira.com.br\/portal\/images\/Diocese\/Missa%20do%20Crisma%202020%202.JPG\" width=\"641\" height=\"427\" \/><\/p>\n<p style=\"text-align: justify;\"><span style=\"font-size: 14pt;\">Na homilia, dom Egidio falou da import\u00e2ncia da Missa do Crisma. \u201cA missa do Crisma, a missa da ben\u00e7\u00e3o dos Santos \u00d3leos em nossa diocese costuma ser sempre um momento de festa, de comunh\u00e3o entre pastores e rebanho. De celebra\u00e7\u00e3o dos diferentes servi\u00e7os dentro da comunidade, todos ungidos no Cristo e, como Ele, ungido por excel\u00eancia. Ungidos para a mesma miss\u00e3o de anunciar a Boa Nova aos pobres, proclamar a liberta\u00e7\u00e3o aos cativos e aos cegos a recupera\u00e7\u00e3o da vista. Libertar os oprimidos e proclamar o ano da gra\u00e7a do Senhor\u201d, disse.<\/span><\/p>\n<p><img decoding=\"async\" class=\"aligncenter\" src=\"http:\/\/dioceseafogadosdaingazeira.com.br\/portal\/images\/Diocese\/Missa%20do%20Crisma%202020%203.JPG\" width=\"641\" height=\"427\" \/><\/p>\n<p style=\"text-align: justify;\"><span style=\"font-size: 14pt;\">Dom Egidio tamb\u00e9m agradeceu aos padres a dedica\u00e7\u00e3o que est\u00e3o tendo, mesmo nesses momentos dif\u00edceis por conta da pandemia, de estarem pr\u00f3ximos \u00e0s pessoas apesar do distanciamento f\u00edsico.<\/span><\/p>\n<p style=\"text-align: justify;\"><span style=\"font-size: 14pt;\">Na missa foram aben\u00e7oados os \u00f3leos dos Enfermos, dos Catec\u00famenos e do Crisma. Tamb\u00e9m, os padres fizeram a renova\u00e7\u00e3o das promessas sacerdotais.<\/span><\/p>\n<p style=\"text-align: justify;\"><span style=\"font-size: 14pt;\">Na data de hoje, 7 de outubro, se comemoram 11 anos da nomea\u00e7\u00e3o de dom Egidio Bisol como 4\u00ba bispo diocesano e de 14 anos da morte de dom Francisco Austreg\u00e9silo de Mesquita Filho. Ao final da missa, dom Egidio foi at\u00e9 o t\u00famulo de dom Francisco onde realizou um momento de ora\u00e7\u00e3o.<\/span><\/p>\n","protected":false},"excerpt":{"rendered":"<p>A Missa do Crisma (Santos &Oacute;leos) na Diocese de Afogados da Ingazeira que n&atilde;o ocorreu durante a Semana Santa por conta da pandemia, aconteceu na manh&atilde; desta quarta (7), na Catedral do Senhor Bom Jesus dos Rem&eacute;dios, em Afogados. A Concelebra&ccedil;&atilde;o Eucar&iacute;stica contou apenas com as participa&ccedil;&otilde;es do clero diocesano, di&aacute;conos e dos seminaristas. Os &#8230; <a title=\"Dom Egidio preside Missa dos Santos \u00d3leos na diocese de Afogados da Ingazeira\" class=\"read-more\" href=\"https:\/\/afogadosonline.com.br\/index.php\/2020\/10\/07\/dom-egidio-preside-missa-dos-santos-oleos-na-diocese-de-afogados-da-ingazeira\/\" aria-label=\"Read more about Dom Egidio preside Missa dos Santos \u00d3leos na diocese de Afogados da Ingazeira\">Ler mais<\/a><\/p>\n","protected":false},"author":2,"featured_media":0,"comment_status":"open","ping_status":"open","sticky":false,"template":"","format":"standard","meta":{"footnotes":""},"categories":[2],"tags":[],"class_list":["post-18580","post","type-post","status-publish","format-standard","hentry","category-uncategorised"],"_links":{"self":[{"href":"https:\/\/afogadosonline.com.br\/index.php\/wp-json\/wp\/v2\/posts\/18580"}],"collection":[{"href":"https:\/\/afogadosonline.com.br\/index.php\/wp-json\/wp\/v2\/posts"}],"about":[{"href":"https:\/\/afogadosonline.com.br\/index.php\/wp-json\/wp\/v2\/types\/post"}],"author":[{"embeddable":true,"href":"https:\/\/afogadosonline.com.br\/index.php\/wp-json\/wp\/v2\/users\/2"}],"replies":[{"embeddable":true,"href":"https:\/\/afogadosonline.com.br\/index.php\/wp-json\/wp\/v2\/comments?post=18580"}],"version-history":[{"count":1,"href":"https:\/\/afogadosonline.com.br\/index.php\/wp-json\/wp\/v2\/posts\/18580\/revisions"}],"predecessor-version":[{"id":18581,"href":"https:\/\/afogadosonline.com.br\/index.php\/wp-json\/wp\/v2\/posts\/18580\/revisions\/18581"}],"wp:attachment":[{"href":"https:\/\/afogadosonline.com.br\/index.php\/wp-json\/wp\/v2\/media?parent=18580"}],"wp:term":[{"taxonomy":"category","embeddable":true,"href":"https:\/\/afogadosonline.com.br\/index.php\/wp-json\/wp\/v2\/categories?post=18580"},{"taxonomy":"post_tag","embeddable":true,"href":"https:\/\/afogadosonline.com.br\/index.php\/wp-json\/wp\/v2\/tags?post=18580"}],"curies":[{"name":"wp","href":"https:\/\/api.w.org\/{rel}","templated":true}]}}