{"id":18567,"date":"2020-10-06T18:22:00","date_gmt":"2020-10-06T21:22:00","guid":{"rendered":"http:\/\/afogadosonline.com.br\/wp\/?p=18567"},"modified":"2020-10-06T18:22:00","modified_gmt":"2020-10-06T21:22:00","slug":"governo-de-pernambuco-e-azul-voltam-a-discutir-voos-comerciais-para-serra-talhada","status":"publish","type":"post","link":"https:\/\/afogadosonline.com.br\/index.php\/2020\/10\/06\/governo-de-pernambuco-e-azul-voltam-a-discutir-voos-comerciais-para-serra-talhada\/","title":{"rendered":"Governo de Pernambuco e Azul voltam a discutir voos comerciais para Serra Talhada"},"content":{"rendered":"<p><img fetchpriority=\"high\" decoding=\"async\" class=\"aligncenter\" src=\"https:\/\/s01.video.glbimg.com\/x720\/6869928.jpg\" alt=\"Aeroporto de Serra Talhada recebe 'voo experimental' - G1 Caruaru e Regi\u00e3o  - ABTV 1\u00aa Edi\u00e7\u00e3o - Cat\u00e1logo de V\u00eddeos - Cat\u00e1logo de V\u00eddeos\" width=\"628\" height=\"353\" \/><\/p>\n<p style=\"text-align: justify;\"><span style=\"font-size: 14pt;\">As tratativas sobre a opera\u00e7\u00e3o de voos comerciais no aeroporto Santa Magalh\u00e3es, em Serra Talhada, voltam \u00e0 mesa do governador de Pernambuco, Paulo C\u00e2mara, nesta quinta-feira (8). De acordo com o secret\u00e1rio de turismo do Estado, Rodrigo Novaes, executivos da Azul estar\u00e3o no Pal\u00e1cio do Campo das Princesas para discutir, entre outros temas, a viabiliza\u00e7\u00e3o do projeto. A reuni\u00e3o, no entanto, n\u00e3o deve trazer garantias quanto ao in\u00edcio da opera\u00e7\u00e3o. O terminal ainda tem em andamento obras que j\u00e1 est\u00e3o atrasadas, al\u00e9m de estar no meio de um processo de privatiza\u00e7\u00e3o.<\/span><\/p>\n<p style=\"text-align: justify;\"><span style=\"font-size: 14pt;\">Segundo o secret\u00e1rio de turismo, mesmo com as incertezas, a companhia Azul mant\u00e9m o interesse em operar voos para o Sert\u00e3o de Pernambuco. \u201cA gente fica muito animado com as informa\u00e7\u00f5es de que a Azul j\u00e1 enxerga a possibilidade de operar, e que a (Ag\u00eancia Nacional de) Avia\u00e7\u00e3o Civil (Anac) possibilitou que isso acontecesse. Est\u00e1 se vendo os \u00faltimos detalhes para ter o in\u00edcio das opera\u00e7\u00f5es. O aeroporto est\u00e1 nos \u00faltimos entraves burocr\u00e1ticos para receber voos de carreira. Ser\u00e1 um ATR, um avi\u00e3o pequeno, com 70 e poucos lugares, mas que vai ser demais \u00e0quela regi\u00e3o\u201d, adiantou o secret\u00e1rio.<\/span><\/p>\n<p style=\"text-align: justify;\"><span style=\"font-size: 14pt;\">Mesmo que por parte da iniciativa privada haja confirma\u00e7\u00e3o de um planejamento para in\u00edcio das opera\u00e7\u00f5es, a realidade \u00e9 que a vontade ainda esbarra em entraves inerentes ao poder p\u00fablico. No caso do aeroporto de Serra, ainda n\u00e3o h\u00e1 data para conclus\u00e3o das obras, fundamentais para libera\u00e7\u00e3o do terminal.<\/span><\/p>\n","protected":false},"excerpt":{"rendered":"<p>As tratativas sobre a opera&ccedil;&atilde;o de voos comerciais no aeroporto Santa Magalh&atilde;es, em Serra Talhada, voltam &agrave; mesa do governador de Pernambuco, Paulo C&acirc;mara, nesta quinta-feira (8). De acordo com o secret&aacute;rio de turismo do Estado, Rodrigo Novaes, executivos da Azul estar&atilde;o no Pal&aacute;cio do Campo das Princesas para discutir, entre outros temas, a viabiliza&ccedil;&atilde;o &#8230; <a title=\"Governo de Pernambuco e Azul voltam a discutir voos comerciais para Serra Talhada\" class=\"read-more\" href=\"https:\/\/afogadosonline.com.br\/index.php\/2020\/10\/06\/governo-de-pernambuco-e-azul-voltam-a-discutir-voos-comerciais-para-serra-talhada\/\" aria-label=\"Read more about Governo de Pernambuco e Azul voltam a discutir voos comerciais para Serra Talhada\">Ler mais<\/a><\/p>\n","protected":false},"author":2,"featured_media":0,"comment_status":"open","ping_status":"open","sticky":false,"template":"","format":"standard","meta":{"footnotes":""},"categories":[2],"tags":[],"class_list":["post-18567","post","type-post","status-publish","format-standard","hentry","category-uncategorised"],"_links":{"self":[{"href":"https:\/\/afogadosonline.com.br\/index.php\/wp-json\/wp\/v2\/posts\/18567"}],"collection":[{"href":"https:\/\/afogadosonline.com.br\/index.php\/wp-json\/wp\/v2\/posts"}],"about":[{"href":"https:\/\/afogadosonline.com.br\/index.php\/wp-json\/wp\/v2\/types\/post"}],"author":[{"embeddable":true,"href":"https:\/\/afogadosonline.com.br\/index.php\/wp-json\/wp\/v2\/users\/2"}],"replies":[{"embeddable":true,"href":"https:\/\/afogadosonline.com.br\/index.php\/wp-json\/wp\/v2\/comments?post=18567"}],"version-history":[{"count":1,"href":"https:\/\/afogadosonline.com.br\/index.php\/wp-json\/wp\/v2\/posts\/18567\/revisions"}],"predecessor-version":[{"id":18568,"href":"https:\/\/afogadosonline.com.br\/index.php\/wp-json\/wp\/v2\/posts\/18567\/revisions\/18568"}],"wp:attachment":[{"href":"https:\/\/afogadosonline.com.br\/index.php\/wp-json\/wp\/v2\/media?parent=18567"}],"wp:term":[{"taxonomy":"category","embeddable":true,"href":"https:\/\/afogadosonline.com.br\/index.php\/wp-json\/wp\/v2\/categories?post=18567"},{"taxonomy":"post_tag","embeddable":true,"href":"https:\/\/afogadosonline.com.br\/index.php\/wp-json\/wp\/v2\/tags?post=18567"}],"curies":[{"name":"wp","href":"https:\/\/api.w.org\/{rel}","templated":true}]}}