{"id":18559,"date":"2020-10-05T21:05:51","date_gmt":"2020-10-06T00:05:51","guid":{"rendered":"http:\/\/afogadosonline.com.br\/wp\/?p=18559"},"modified":"2020-10-05T21:05:52","modified_gmt":"2020-10-06T00:05:52","slug":"cerca-de-10-da-populacao-global-ja-contraiu-novo-coronavirus-diz-oms","status":"publish","type":"post","link":"https:\/\/afogadosonline.com.br\/index.php\/2020\/10\/05\/cerca-de-10-da-populacao-global-ja-contraiu-novo-coronavirus-diz-oms\/","title":{"rendered":"Cerca de 10% da popula\u00e7\u00e3o global j\u00e1 contraiu novo coronav\u00edrus, diz OMS"},"content":{"rendered":"<p><img fetchpriority=\"high\" decoding=\"async\" class=\"aligncenter\" src=\"https:\/\/s2.glbimg.com\/aI3NbiUF_8noXJ82dHJlVj6dkjQ=\/0x0:984x553\/984x0\/smart\/filters:strip_icc()\/i.s3.glbimg.com\/v1\/AUTH_59edd422c0c84a879bd37670ae4f538a\/internal_photos\/bs\/2020\/I\/Z\/hyfzEtSHWqaBMltyjkqw\/covid.jpg\" alt=\"Maranh\u00e3o registra 631 novos casos da Covid-19 e 10 mortes, uma delas nas  \u00faltimas 24h | Maranh\u00e3o | G1\" width=\"631\" height=\"355\" \/><\/p>\n<p style=\"text-align: justify;\"><span style=\"font-size: 14pt;\">Cerca de 10% da popula\u00e7\u00e3o global contraiu o novo coronav\u00edrus desde o in\u00edcio da pandemia, afirmou nesta segunda Michael Ryan, diretor-executivo da OMS (Organiza\u00e7\u00e3o Mundial da Sa\u00fade).<\/span><\/p>\n<p style=\"text-align: justify;\"><span style=\"font-size: 14pt;\">O n\u00famero, citado a partir das \u201cmelhores estimativas atuais\u201d, segundo Ryan, corresponderia a 780 milh\u00f5es de infec\u00e7\u00f5es, mais de 20 vezes os 35 milh\u00f5es de casos registrados, segundo a Universidade Johns Hopkins (EUA).<\/span><\/p>\n<p style=\"text-align: justify;\"><span style=\"font-size: 14pt;\">\u201cIsso varia conforme o pa\u00eds, varia do urbano ao rural, varia conforme os grupos\u201d, afirmou o diretor em reuni\u00e3o do Conselho Executivo da entidade.<\/span><\/p>\n<p style=\"text-align: justify;\"><span style=\"font-size: 14pt;\">Uma compila\u00e7\u00e3o de estudos dispon\u00edveis na Europa at\u00e9 30 de junho (antes que a segunda onda de cont\u00e1gio come\u00e7asse), feita pela ECDC (ag\u00eancia de controle de doen\u00e7as transmiss\u00edveis), mostrava resultados que variavam de 1% da popula\u00e7\u00e3o, na Finl\u00e2ndia, a 42% em Ischgl, vilarejo austr\u00edaco que viveu um dos primeiros surtos da doen\u00e7a no continente.<\/span><\/p>\n<p style=\"text-align: justify;\"><span style=\"font-size: 14pt;\">&#8220;Mas o que isso significa \u00e9 que a grande maioria do mundo continua em risco\u201d, afirmou Ryan.<\/span><\/p>\n","protected":false},"excerpt":{"rendered":"<p>Cerca de 10% da popula&ccedil;&atilde;o global contraiu o novo coronav&iacute;rus desde o in&iacute;cio da pandemia, afirmou nesta segunda Michael Ryan, diretor-executivo da OMS (Organiza&ccedil;&atilde;o Mundial da Sa&uacute;de). O n&uacute;mero, citado a partir das &ldquo;melhores estimativas atuais&rdquo;, segundo Ryan, corresponderia a 780 milh&otilde;es de infec&ccedil;&otilde;es, mais de 20 vezes os 35 milh&otilde;es de casos registrados, segundo &#8230; <a title=\"Cerca de 10% da popula\u00e7\u00e3o global j\u00e1 contraiu novo coronav\u00edrus, diz OMS\" class=\"read-more\" href=\"https:\/\/afogadosonline.com.br\/index.php\/2020\/10\/05\/cerca-de-10-da-populacao-global-ja-contraiu-novo-coronavirus-diz-oms\/\" aria-label=\"Read more about Cerca de 10% da popula\u00e7\u00e3o global j\u00e1 contraiu novo coronav\u00edrus, diz OMS\">Ler mais<\/a><\/p>\n","protected":false},"author":2,"featured_media":0,"comment_status":"open","ping_status":"open","sticky":false,"template":"","format":"standard","meta":{"footnotes":""},"categories":[2],"tags":[],"class_list":["post-18559","post","type-post","status-publish","format-standard","hentry","category-uncategorised"],"_links":{"self":[{"href":"https:\/\/afogadosonline.com.br\/index.php\/wp-json\/wp\/v2\/posts\/18559"}],"collection":[{"href":"https:\/\/afogadosonline.com.br\/index.php\/wp-json\/wp\/v2\/posts"}],"about":[{"href":"https:\/\/afogadosonline.com.br\/index.php\/wp-json\/wp\/v2\/types\/post"}],"author":[{"embeddable":true,"href":"https:\/\/afogadosonline.com.br\/index.php\/wp-json\/wp\/v2\/users\/2"}],"replies":[{"embeddable":true,"href":"https:\/\/afogadosonline.com.br\/index.php\/wp-json\/wp\/v2\/comments?post=18559"}],"version-history":[{"count":1,"href":"https:\/\/afogadosonline.com.br\/index.php\/wp-json\/wp\/v2\/posts\/18559\/revisions"}],"predecessor-version":[{"id":18560,"href":"https:\/\/afogadosonline.com.br\/index.php\/wp-json\/wp\/v2\/posts\/18559\/revisions\/18560"}],"wp:attachment":[{"href":"https:\/\/afogadosonline.com.br\/index.php\/wp-json\/wp\/v2\/media?parent=18559"}],"wp:term":[{"taxonomy":"category","embeddable":true,"href":"https:\/\/afogadosonline.com.br\/index.php\/wp-json\/wp\/v2\/categories?post=18559"},{"taxonomy":"post_tag","embeddable":true,"href":"https:\/\/afogadosonline.com.br\/index.php\/wp-json\/wp\/v2\/tags?post=18559"}],"curies":[{"name":"wp","href":"https:\/\/api.w.org\/{rel}","templated":true}]}}