{"id":18231,"date":"2020-09-09T21:22:30","date_gmt":"2020-09-10T00:22:30","guid":{"rendered":"http:\/\/afogadosonline.com.br\/wp\/?p=18231"},"modified":"2020-09-09T21:22:30","modified_gmt":"2020-09-10T00:22:30","slug":"senado-aprova-aumento-de-pena-para-agressores-de-caes-e-gatos","status":"publish","type":"post","link":"https:\/\/afogadosonline.com.br\/index.php\/2020\/09\/09\/senado-aprova-aumento-de-pena-para-agressores-de-caes-e-gatos\/","title":{"rendered":"Senado aprova aumento de pena para agressores de c\u00e3es e gatos"},"content":{"rendered":"<p><img fetchpriority=\"high\" decoding=\"async\" class=\"aligncenter\" src=\"https:\/\/static.ndonline.com.br\/2020\/09\/WhatsApp-Image-2020-09-09-at-11.14.28.jpeg\" alt=\"Senado vota projeto que aumenta pena por maus-tratos a c\u00e3es e gatos\" width=\"639\" height=\"426\" \/><\/p>\n<p style=\"text-align: justify;\"><span style=\"font-size: 14pt;\">O Senado aprovou nesta quarta-feira (9) um projeto de lei (PL) que aumenta as penas para quem maltratar c\u00e3es e gatos. Atualmente, a legisla\u00e7\u00e3o prev\u00ea deten\u00e7\u00e3o de tr\u00eas meses a um ano, e multa. O projeto amplia para reclus\u00e3o de dois a cinco anos e multa, al\u00e9m de proibi\u00e7\u00e3o de guarda do animal, uma inova\u00e7\u00e3o do projeto. O texto segue para san\u00e7\u00e3o presidencial.<\/span><\/p>\n<p style=\"text-align: justify;\"><span style=\"font-size: 14pt;\">Segundo o relator do projeto, senador Fabiano Contarato (Rede-ES), a legisla\u00e7\u00e3o atual considera a pr\u00e1tica de abuso e maus tratos a animais com infra\u00e7\u00e3o penal de menor potencial ofensivo, que n\u00e3o cabe pris\u00e3o em flagrante. O agressor, mesmo tendo sido flagrado maltratando o animal, assina um termo circunstanciado e volta para casa.<\/span><\/p>\n","protected":false},"excerpt":{"rendered":"<p>O Senado aprovou nesta quarta-feira (9) um projeto de lei (PL) que aumenta as penas para quem maltratar c&atilde;es e gatos. Atualmente, a legisla&ccedil;&atilde;o prev&ecirc; deten&ccedil;&atilde;o de tr&ecirc;s meses a um ano, e multa. O projeto amplia para reclus&atilde;o de dois a cinco anos e multa, al&eacute;m de proibi&ccedil;&atilde;o de guarda do animal, uma inova&ccedil;&atilde;o &#8230; <a title=\"Senado aprova aumento de pena para agressores de c\u00e3es e gatos\" class=\"read-more\" href=\"https:\/\/afogadosonline.com.br\/index.php\/2020\/09\/09\/senado-aprova-aumento-de-pena-para-agressores-de-caes-e-gatos\/\" aria-label=\"Read more about Senado aprova aumento de pena para agressores de c\u00e3es e gatos\">Ler mais<\/a><\/p>\n","protected":false},"author":2,"featured_media":0,"comment_status":"open","ping_status":"open","sticky":false,"template":"","format":"standard","meta":{"footnotes":""},"categories":[2],"tags":[],"class_list":["post-18231","post","type-post","status-publish","format-standard","hentry","category-uncategorised"],"_links":{"self":[{"href":"https:\/\/afogadosonline.com.br\/index.php\/wp-json\/wp\/v2\/posts\/18231"}],"collection":[{"href":"https:\/\/afogadosonline.com.br\/index.php\/wp-json\/wp\/v2\/posts"}],"about":[{"href":"https:\/\/afogadosonline.com.br\/index.php\/wp-json\/wp\/v2\/types\/post"}],"author":[{"embeddable":true,"href":"https:\/\/afogadosonline.com.br\/index.php\/wp-json\/wp\/v2\/users\/2"}],"replies":[{"embeddable":true,"href":"https:\/\/afogadosonline.com.br\/index.php\/wp-json\/wp\/v2\/comments?post=18231"}],"version-history":[{"count":1,"href":"https:\/\/afogadosonline.com.br\/index.php\/wp-json\/wp\/v2\/posts\/18231\/revisions"}],"predecessor-version":[{"id":18232,"href":"https:\/\/afogadosonline.com.br\/index.php\/wp-json\/wp\/v2\/posts\/18231\/revisions\/18232"}],"wp:attachment":[{"href":"https:\/\/afogadosonline.com.br\/index.php\/wp-json\/wp\/v2\/media?parent=18231"}],"wp:term":[{"taxonomy":"category","embeddable":true,"href":"https:\/\/afogadosonline.com.br\/index.php\/wp-json\/wp\/v2\/categories?post=18231"},{"taxonomy":"post_tag","embeddable":true,"href":"https:\/\/afogadosonline.com.br\/index.php\/wp-json\/wp\/v2\/tags?post=18231"}],"curies":[{"name":"wp","href":"https:\/\/api.w.org\/{rel}","templated":true}]}}