{"id":18227,"date":"2020-09-09T17:22:24","date_gmt":"2020-09-09T20:22:24","guid":{"rendered":"http:\/\/afogadosonline.com.br\/wp\/?p=18227"},"modified":"2020-09-09T17:22:24","modified_gmt":"2020-09-09T20:22:24","slug":"justica-determina-novas-regras-para-instalacao-de-radares","status":"publish","type":"post","link":"https:\/\/afogadosonline.com.br\/index.php\/2020\/09\/09\/justica-determina-novas-regras-para-instalacao-de-radares\/","title":{"rendered":"Justi\u00e7a determina novas regras para instala\u00e7\u00e3o de radares"},"content":{"rendered":"<p><img fetchpriority=\"high\" decoding=\"async\" class=\"aligncenter\" src=\"https:\/\/p2.trrsf.com\/image\/fget\/cf\/460\/0\/images.terra.com\/2020\/09\/09\/22429773.jpg\" alt=\"Justi\u00e7a determina novas regras para instala\u00e7\u00e3o de radares\" width=\"633\" height=\"473\" \/><\/p>\n<p style=\"text-align: justify;\"><span style=\"font-size: 14pt;\">Pr\u00f3ximo \u00e0 semana Nacional de Tr\u00e2nsito, que acontece entre 18 e 25 de setembro no objetivo de conscientizar motoristas, passageiros e pedestres, a Justi\u00e7a decidiu definir novas regras para a instala\u00e7\u00e3o de radares fixos e m\u00f3veis. A decis\u00e3o tomada pelo Conselho Nacional de Tr\u00e2nsito (Contran) entrar\u00e1 em vigor dia 1 novembro de 2020.<\/span><\/p>\n<p style=\"text-align: justify;\"><span style=\"font-size: 14pt;\">O \u00f3rg\u00e3o definiu que os radares s\u00f3 poder\u00e3o ser instalados em locais onde houver placas de sinaliza\u00e7\u00e3o que indiquem o limite de velocidade da via. Com isso, a ideia \u00e9 estabelecer uma fiscaliza\u00e7\u00e3o educativa e n\u00e3o punitiva, como acontece hoje.<\/span><\/p>\n<p style=\"text-align: justify;\"><span style=\"font-size: 14pt;\">&#8220;O prop\u00f3sito das mudan\u00e7as aprovadas \u00e9 fazer com que o condutor seja alertado do limite de velocidade da via, perceba os riscos, reduza a velocidade do ve\u00edculo. Isso diminui a chance de ocorrer acidentes. O que se pretende \u00e9 fazer com que os limites de velocidade sejam obedecidos em vez de simplesmente multar o condutor&#8221;, explicou o presidente do Contran e diretor-geral do Denatran, Frederico Carneiro.<\/span><\/p>\n<p style=\"text-align: justify;\"><span style=\"font-size: 14pt;\">Entre as altera\u00e7\u00f5es aprovadas tamb\u00e9m est\u00e3o a proibi\u00e7\u00e3o do uso de equipamentos sem dispositivo registrador de imagem. Haver\u00e1, tamb\u00e9m, restri\u00e7\u00e3o do uso do radar do tipo fixo redutor em trechos cr\u00edticos e de vulnerabilidade de usu\u00e1rios. Nestes casos, especialmente, pedestres, ciclistas e ve\u00edculos n\u00e3o motorizados.<\/span><\/p>\n","protected":false},"excerpt":{"rendered":"<p>Pr&oacute;ximo &agrave; semana Nacional de Tr&acirc;nsito, que acontece entre 18 e 25 de setembro no objetivo de conscientizar motoristas, passageiros e pedestres, a Justi&ccedil;a decidiu definir novas regras para a instala&ccedil;&atilde;o de radares fixos e m&oacute;veis. A decis&atilde;o tomada pelo Conselho Nacional de Tr&acirc;nsito (Contran) entrar&aacute; em vigor dia 1 novembro de 2020. O &oacute;rg&atilde;o &#8230; <a title=\"Justi\u00e7a determina novas regras para instala\u00e7\u00e3o de radares\" class=\"read-more\" href=\"https:\/\/afogadosonline.com.br\/index.php\/2020\/09\/09\/justica-determina-novas-regras-para-instalacao-de-radares\/\" aria-label=\"Read more about Justi\u00e7a determina novas regras para instala\u00e7\u00e3o de radares\">Ler mais<\/a><\/p>\n","protected":false},"author":2,"featured_media":0,"comment_status":"open","ping_status":"open","sticky":false,"template":"","format":"standard","meta":{"footnotes":""},"categories":[2],"tags":[],"class_list":["post-18227","post","type-post","status-publish","format-standard","hentry","category-uncategorised"],"_links":{"self":[{"href":"https:\/\/afogadosonline.com.br\/index.php\/wp-json\/wp\/v2\/posts\/18227"}],"collection":[{"href":"https:\/\/afogadosonline.com.br\/index.php\/wp-json\/wp\/v2\/posts"}],"about":[{"href":"https:\/\/afogadosonline.com.br\/index.php\/wp-json\/wp\/v2\/types\/post"}],"author":[{"embeddable":true,"href":"https:\/\/afogadosonline.com.br\/index.php\/wp-json\/wp\/v2\/users\/2"}],"replies":[{"embeddable":true,"href":"https:\/\/afogadosonline.com.br\/index.php\/wp-json\/wp\/v2\/comments?post=18227"}],"version-history":[{"count":1,"href":"https:\/\/afogadosonline.com.br\/index.php\/wp-json\/wp\/v2\/posts\/18227\/revisions"}],"predecessor-version":[{"id":18228,"href":"https:\/\/afogadosonline.com.br\/index.php\/wp-json\/wp\/v2\/posts\/18227\/revisions\/18228"}],"wp:attachment":[{"href":"https:\/\/afogadosonline.com.br\/index.php\/wp-json\/wp\/v2\/media?parent=18227"}],"wp:term":[{"taxonomy":"category","embeddable":true,"href":"https:\/\/afogadosonline.com.br\/index.php\/wp-json\/wp\/v2\/categories?post=18227"},{"taxonomy":"post_tag","embeddable":true,"href":"https:\/\/afogadosonline.com.br\/index.php\/wp-json\/wp\/v2\/tags?post=18227"}],"curies":[{"name":"wp","href":"https:\/\/api.w.org\/{rel}","templated":true}]}}