{"id":18223,"date":"2020-09-08T21:48:39","date_gmt":"2020-09-09T00:48:39","guid":{"rendered":"http:\/\/afogadosonline.com.br\/wp\/?p=18223"},"modified":"2020-09-08T21:48:39","modified_gmt":"2020-09-09T00:48:39","slug":"cidade-pacifica-tem-adesao-de-primeiros-municipios-do-sertao-do-pajeu-quixaba-e-carnaiba","status":"publish","type":"post","link":"https:\/\/afogadosonline.com.br\/index.php\/2020\/09\/08\/cidade-pacifica-tem-adesao-de-primeiros-municipios-do-sertao-do-pajeu-quixaba-e-carnaiba\/","title":{"rendered":"Cidade Pac\u00edfica tem ades\u00e3o de primeiros munic\u00edpios do Sert\u00e3o do Paje\u00fa: Quixaba e Carna\u00edba"},"content":{"rendered":"<p><img fetchpriority=\"high\" decoding=\"async\" class=\"aligncenter\" src=\"https:\/\/www.mppe.mp.br\/mppe\/images\/2020\/09\/0809\/CIDADE-PACIFICA-Site.jpg\" width=\"628\" height=\"412\" \/><\/p>\n<p style=\"text-align: justify;\"><span style=\"font-size: 14pt;\">Quixaba e Carna\u00edba s\u00e3o os primeiros munic\u00edpios do Sert\u00e3o do Paje\u00fa a aderirem ao projeto Cidade Pac\u00edfica do Minist\u00e9rio P\u00fablico de Pernambuco (MPPE). Nesta ter\u00e7a-feira (8), os prefeitos Sebasti\u00e3o Cabral Nunes, de Quixaba, e Jos\u00e9 Anchieta Patriota, de Carna\u00edba, assinaram o Conv\u00eanio de Coopera\u00e7\u00e3o T\u00e9cnica de filia\u00e7\u00e3o e se comprometem a implantar os eixos dispon\u00edveis no projeto &#8211; que visam melhoria da seguran\u00e7a p\u00fablica com solu\u00e7\u00f5es simples de infraestrutura, preven\u00e7\u00e3o e combate \u00e0 criminalidade -, que cada um escolheu que melhor se adaptava \u00e0 realidade se seu munic\u00edpio.<\/span><\/p>\n<p style=\"text-align: justify;\"><span style=\"font-size: 14pt;\">\u201cO objetivo do Minist\u00e9rio P\u00fablico de Pernambuco \u00e9 atuar junto \u00e0s Prefeituras para atingirmos uma redu\u00e7\u00e3o nos indicadores de viol\u00eancia em benef\u00edcio de toda a popula\u00e7\u00e3o. Sabemos que n\u00e3o \u00e9 f\u00e1cil para as pequenas cidades fazer novos investimentos. Da\u00ed, propormos sugest\u00f5es baratas e realiz\u00e1veis no Cidade Pac\u00edfica. Trata-se de uma responsabilidade de todos: promotor de Justi\u00e7a, prefeito, servidor, policial, cidad\u00e3o. Unidos em combate \u00e0 criminalidade\u201d, enalteceu o procurador-geral de Justi\u00e7a, Francisco Dirceu Barros.<\/span><\/p>\n","protected":false},"excerpt":{"rendered":"<p>Quixaba e Carna&iacute;ba s&atilde;o os primeiros munic&iacute;pios do Sert&atilde;o do Paje&uacute; a aderirem ao projeto Cidade Pac&iacute;fica do Minist&eacute;rio P&uacute;blico de Pernambuco (MPPE). Nesta ter&ccedil;a-feira (8), os prefeitos Sebasti&atilde;o Cabral Nunes, de Quixaba, e Jos&eacute; Anchieta Patriota, de Carna&iacute;ba, assinaram o Conv&ecirc;nio de Coopera&ccedil;&atilde;o T&eacute;cnica de filia&ccedil;&atilde;o e se comprometem a implantar os eixos dispon&iacute;veis &#8230; <a title=\"Cidade Pac\u00edfica tem ades\u00e3o de primeiros munic\u00edpios do Sert\u00e3o do Paje\u00fa: Quixaba e Carna\u00edba\" class=\"read-more\" href=\"https:\/\/afogadosonline.com.br\/index.php\/2020\/09\/08\/cidade-pacifica-tem-adesao-de-primeiros-municipios-do-sertao-do-pajeu-quixaba-e-carnaiba\/\" aria-label=\"Read more about Cidade Pac\u00edfica tem ades\u00e3o de primeiros munic\u00edpios do Sert\u00e3o do Paje\u00fa: Quixaba e Carna\u00edba\">Ler mais<\/a><\/p>\n","protected":false},"author":2,"featured_media":0,"comment_status":"open","ping_status":"open","sticky":false,"template":"","format":"standard","meta":{"footnotes":""},"categories":[2],"tags":[],"class_list":["post-18223","post","type-post","status-publish","format-standard","hentry","category-uncategorised"],"_links":{"self":[{"href":"https:\/\/afogadosonline.com.br\/index.php\/wp-json\/wp\/v2\/posts\/18223"}],"collection":[{"href":"https:\/\/afogadosonline.com.br\/index.php\/wp-json\/wp\/v2\/posts"}],"about":[{"href":"https:\/\/afogadosonline.com.br\/index.php\/wp-json\/wp\/v2\/types\/post"}],"author":[{"embeddable":true,"href":"https:\/\/afogadosonline.com.br\/index.php\/wp-json\/wp\/v2\/users\/2"}],"replies":[{"embeddable":true,"href":"https:\/\/afogadosonline.com.br\/index.php\/wp-json\/wp\/v2\/comments?post=18223"}],"version-history":[{"count":1,"href":"https:\/\/afogadosonline.com.br\/index.php\/wp-json\/wp\/v2\/posts\/18223\/revisions"}],"predecessor-version":[{"id":18224,"href":"https:\/\/afogadosonline.com.br\/index.php\/wp-json\/wp\/v2\/posts\/18223\/revisions\/18224"}],"wp:attachment":[{"href":"https:\/\/afogadosonline.com.br\/index.php\/wp-json\/wp\/v2\/media?parent=18223"}],"wp:term":[{"taxonomy":"category","embeddable":true,"href":"https:\/\/afogadosonline.com.br\/index.php\/wp-json\/wp\/v2\/categories?post=18223"},{"taxonomy":"post_tag","embeddable":true,"href":"https:\/\/afogadosonline.com.br\/index.php\/wp-json\/wp\/v2\/tags?post=18223"}],"curies":[{"name":"wp","href":"https:\/\/api.w.org\/{rel}","templated":true}]}}