{"id":18068,"date":"2020-08-29T15:18:43","date_gmt":"2020-08-29T18:18:43","guid":{"rendered":"http:\/\/afogadosonline.com.br\/wp\/?p=18068"},"modified":"2020-08-29T15:18:43","modified_gmt":"2020-08-29T18:18:43","slug":"bolsonaro-deve-prorrogar-auxilio-por-mais-4-meses-mas-com-valor-de-r-300","status":"publish","type":"post","link":"https:\/\/afogadosonline.com.br\/index.php\/2020\/08\/29\/bolsonaro-deve-prorrogar-auxilio-por-mais-4-meses-mas-com-valor-de-r-300\/","title":{"rendered":"Bolsonaro deve prorrogar aux\u00edlio por mais 4 meses, mas com valor de R$ 300"},"content":{"rendered":"<p><img fetchpriority=\"high\" decoding=\"async\" class=\"aligncenter\" src=\"https:\/\/ogimg.infoglobo.com.br\/economia\/24523323-bc5-55c\/FT1086A\/652\/xauxilio-0506.jpg.pagespeed.ic.WHPyKSdWv9.jpg\" alt=\"Aux\u00edlio emergencial: segundo ciclo de pagamentos come\u00e7a nesta sexta-feira -  Jornal O Globo\" width=\"591\" height=\"355\" \/><\/p>\n<p style=\"text-align: justify;\"><span style=\"font-size: 14pt;\">O governo deve prorrogar o aux\u00edlio emergencial at\u00e9 dezembro deste ano, com quatro parcelas de R$ 300, valor defendido pelo presidente Jair Bolsonaro, segundo apurou o Estad\u00e3o com fontes das alas pol\u00edtica e econ\u00f4mica do governo. O an\u00fancio do Renda Brasil, programa social que substituir\u00e1 o Bolsa Fam\u00edlia e ser\u00e1 a marca social do governo Bolsonaro, ficar\u00e1 para um segundo momento para que o ministro da Economia, Paulo Guedes, tenha mais tempo para encontrar espa\u00e7o para acomodar o novo gasto dentro do teto, que limita o avan\u00e7o das despesas \u00e0 infla\u00e7\u00e3o.<\/span><\/p>\n<p style=\"text-align: justify;\"><span style=\"font-size: 14pt;\">O presidente quer um plano que n\u00e3o inclua a revis\u00e3o ou a extin\u00e7\u00e3o de outros benef\u00edcios, como o abono salarial, uma esp\u00e9cie de 14\u00ba sal\u00e1rio pago a trabalhadores com carteira com sal\u00e1rio at\u00e9 R$ 2.090 e que custa cerca de R$ 20 bilh\u00f5es ao ano. O abono \u00e9 considerado ineficiente pela equipe econ\u00f4mica, mas a proposta foi rejeitada pelo presidente em reuni\u00e3o na ter\u00e7a-feira, 25. No dia seguinte, em viagem a Minas Gerais, Bolsonaro avisou que n\u00e3o vai &#8220;tirar de pobres para dar a paup\u00e9rrimos&#8221;.<\/span><\/p>\n<p style=\"text-align: justify;\"><span style=\"font-size: 14pt;\">Na primeira refer\u00eancia p\u00fablica de Guedes \u00e0s cr\u00edticas do presidente, o ministro &#8211; que chegou a ser alvo de rumores de que pediria demiss\u00e3o &#8211; disse que tomou um &#8220;carrinho&#8221; de Bolsonaro nesta semana. &#8220;Ainda bem que foi fora da \u00e1rea, sen\u00e3o era p\u00eanalti&#8221;, brincou Guedes em uma live organizada pelo setor do a\u00e7o. Ontem, o ministro e Bolsonaro se encontraram fora da agenda oficial dos dois.<\/span><\/p>\n","protected":false},"excerpt":{"rendered":"<p>O governo deve prorrogar o aux&iacute;lio emergencial at&eacute; dezembro deste ano, com quatro parcelas de R$ 300, valor defendido pelo presidente Jair Bolsonaro, segundo apurou o Estad&atilde;o com fontes das alas pol&iacute;tica e econ&ocirc;mica do governo. O an&uacute;ncio do Renda Brasil, programa social que substituir&aacute; o Bolsa Fam&iacute;lia e ser&aacute; a marca social do governo &#8230; <a title=\"Bolsonaro deve prorrogar aux\u00edlio por mais 4 meses, mas com valor de R$ 300\" class=\"read-more\" href=\"https:\/\/afogadosonline.com.br\/index.php\/2020\/08\/29\/bolsonaro-deve-prorrogar-auxilio-por-mais-4-meses-mas-com-valor-de-r-300\/\" aria-label=\"Read more about Bolsonaro deve prorrogar aux\u00edlio por mais 4 meses, mas com valor de R$ 300\">Ler mais<\/a><\/p>\n","protected":false},"author":2,"featured_media":0,"comment_status":"open","ping_status":"open","sticky":false,"template":"","format":"standard","meta":{"footnotes":""},"categories":[2],"tags":[],"class_list":["post-18068","post","type-post","status-publish","format-standard","hentry","category-uncategorised"],"_links":{"self":[{"href":"https:\/\/afogadosonline.com.br\/index.php\/wp-json\/wp\/v2\/posts\/18068"}],"collection":[{"href":"https:\/\/afogadosonline.com.br\/index.php\/wp-json\/wp\/v2\/posts"}],"about":[{"href":"https:\/\/afogadosonline.com.br\/index.php\/wp-json\/wp\/v2\/types\/post"}],"author":[{"embeddable":true,"href":"https:\/\/afogadosonline.com.br\/index.php\/wp-json\/wp\/v2\/users\/2"}],"replies":[{"embeddable":true,"href":"https:\/\/afogadosonline.com.br\/index.php\/wp-json\/wp\/v2\/comments?post=18068"}],"version-history":[{"count":1,"href":"https:\/\/afogadosonline.com.br\/index.php\/wp-json\/wp\/v2\/posts\/18068\/revisions"}],"predecessor-version":[{"id":18069,"href":"https:\/\/afogadosonline.com.br\/index.php\/wp-json\/wp\/v2\/posts\/18068\/revisions\/18069"}],"wp:attachment":[{"href":"https:\/\/afogadosonline.com.br\/index.php\/wp-json\/wp\/v2\/media?parent=18068"}],"wp:term":[{"taxonomy":"category","embeddable":true,"href":"https:\/\/afogadosonline.com.br\/index.php\/wp-json\/wp\/v2\/categories?post=18068"},{"taxonomy":"post_tag","embeddable":true,"href":"https:\/\/afogadosonline.com.br\/index.php\/wp-json\/wp\/v2\/tags?post=18068"}],"curies":[{"name":"wp","href":"https:\/\/api.w.org\/{rel}","templated":true}]}}