{"id":18066,"date":"2020-08-29T15:14:57","date_gmt":"2020-08-29T18:14:57","guid":{"rendered":"http:\/\/afogadosonline.com.br\/wp\/?p=18066"},"modified":"2020-08-29T15:14:57","modified_gmt":"2020-08-29T18:14:57","slug":"casal-e-adolescente-morrem-apos-caminhoes-baterem-de-frente-em-belem-de-sao-francisco","status":"publish","type":"post","link":"https:\/\/afogadosonline.com.br\/index.php\/2020\/08\/29\/casal-e-adolescente-morrem-apos-caminhoes-baterem-de-frente-em-belem-de-sao-francisco\/","title":{"rendered":"Casal e adolescente morrem ap\u00f3s caminh\u00f5es baterem de frente em Bel\u00e9m de S\u00e3o Francisco"},"content":{"rendered":"<p><img fetchpriority=\"high\" decoding=\"async\" class=\"aligncenter\" src=\"https:\/\/imagens.ne10.uol.com.br\/img\/imagens\/2020\/08\/29\/c67786bac0_acidente-sertao-belem.jpg\" alt=\"Tr\u00eas pessoas morreram e outras tr\u00eas ficaram feridas ap\u00f3s colis\u00e3o\" width=\"591\" height=\"324\" \/><\/p>\n<p style=\"text-align: justify;\"><span style=\"font-size: 14pt;\">Um acidente ocorrido por volta das 20h da noite dessa sexta-feira (28) no quil\u00f4metro 266 da BR-316, em Bel\u00e9m de S\u00e3o Francisco deixou tr\u00eas pessoas mortas e outras tr\u00eas feridas. De acordo com a Pol\u00edcia Rodovi\u00e1ria Federal (PRF), dois caminh\u00f5es bateram de frente.<\/span><\/p>\n<p style=\"text-align: justify;\"><span style=\"font-size: 14pt;\">Em um dos caminh\u00f5es, havia um casal, uma adolescente e um menino de dois anos. O casal e a adolescente n\u00e3o resistiram e morreram ap\u00f3s a colis\u00e3o frontal.<\/span><\/p>\n<p style=\"text-align: justify;\"><span style=\"font-size: 14pt;\">J\u00e1 a crian\u00e7a ficou ferida e foi levada para o hospital de Bel\u00e9m de S\u00e3o Francisco. Posteriormente, o menino foi transferido para um hospital de Petrolina.<\/span><\/p>\n<p style=\"text-align: justify;\"><span style=\"font-size: 14pt;\">J\u00e1 no outro caminh\u00e3o, havia dois homens, que ficaram feridos e foram socorridos para o hospital de Bel\u00e9m de S\u00e3o Francisco. Al\u00e9m da PRF, o Corpo de Bombeiros e a Pol\u00edcia Civil estiveram no local da ocorr\u00eancia. O caso ser\u00e1 investigado pela Pol\u00edcia Civil.<\/span><\/p>\n","protected":false},"excerpt":{"rendered":"<p>Um acidente ocorrido por volta das 20h da noite dessa sexta-feira (28) no quil&ocirc;metro 266 da BR-316, em Bel&eacute;m de S&atilde;o Francisco deixou tr&ecirc;s pessoas mortas e outras tr&ecirc;s feridas. De acordo com a Pol&iacute;cia Rodovi&aacute;ria Federal (PRF), dois caminh&otilde;es bateram de frente. Em um dos caminh&otilde;es, havia um casal, uma adolescente e um menino &#8230; <a title=\"Casal e adolescente morrem ap\u00f3s caminh\u00f5es baterem de frente em Bel\u00e9m de S\u00e3o Francisco\" class=\"read-more\" href=\"https:\/\/afogadosonline.com.br\/index.php\/2020\/08\/29\/casal-e-adolescente-morrem-apos-caminhoes-baterem-de-frente-em-belem-de-sao-francisco\/\" aria-label=\"Read more about Casal e adolescente morrem ap\u00f3s caminh\u00f5es baterem de frente em Bel\u00e9m de S\u00e3o Francisco\">Ler mais<\/a><\/p>\n","protected":false},"author":2,"featured_media":0,"comment_status":"open","ping_status":"open","sticky":false,"template":"","format":"standard","meta":{"footnotes":""},"categories":[2],"tags":[],"class_list":["post-18066","post","type-post","status-publish","format-standard","hentry","category-uncategorised"],"_links":{"self":[{"href":"https:\/\/afogadosonline.com.br\/index.php\/wp-json\/wp\/v2\/posts\/18066"}],"collection":[{"href":"https:\/\/afogadosonline.com.br\/index.php\/wp-json\/wp\/v2\/posts"}],"about":[{"href":"https:\/\/afogadosonline.com.br\/index.php\/wp-json\/wp\/v2\/types\/post"}],"author":[{"embeddable":true,"href":"https:\/\/afogadosonline.com.br\/index.php\/wp-json\/wp\/v2\/users\/2"}],"replies":[{"embeddable":true,"href":"https:\/\/afogadosonline.com.br\/index.php\/wp-json\/wp\/v2\/comments?post=18066"}],"version-history":[{"count":1,"href":"https:\/\/afogadosonline.com.br\/index.php\/wp-json\/wp\/v2\/posts\/18066\/revisions"}],"predecessor-version":[{"id":18067,"href":"https:\/\/afogadosonline.com.br\/index.php\/wp-json\/wp\/v2\/posts\/18066\/revisions\/18067"}],"wp:attachment":[{"href":"https:\/\/afogadosonline.com.br\/index.php\/wp-json\/wp\/v2\/media?parent=18066"}],"wp:term":[{"taxonomy":"category","embeddable":true,"href":"https:\/\/afogadosonline.com.br\/index.php\/wp-json\/wp\/v2\/categories?post=18066"},{"taxonomy":"post_tag","embeddable":true,"href":"https:\/\/afogadosonline.com.br\/index.php\/wp-json\/wp\/v2\/tags?post=18066"}],"curies":[{"name":"wp","href":"https:\/\/api.w.org\/{rel}","templated":true}]}}