{"id":18057,"date":"2020-08-28T20:27:38","date_gmt":"2020-08-28T23:27:38","guid":{"rendered":"http:\/\/afogadosonline.com.br\/wp\/?p=18057"},"modified":"2020-08-28T20:27:38","modified_gmt":"2020-08-28T23:27:38","slug":"bolsonaro-diz-que-prorrogacao-do-auxilio-emergencial-deve-ter-valor-entre-r-200-e-r-600","status":"publish","type":"post","link":"https:\/\/afogadosonline.com.br\/index.php\/2020\/08\/28\/bolsonaro-diz-que-prorrogacao-do-auxilio-emergencial-deve-ter-valor-entre-r-200-e-r-600\/","title":{"rendered":"Bolsonaro diz que prorroga\u00e7\u00e3o do aux\u00edlio emergencial deve ter valor entre R$ 200 e R$ 600"},"content":{"rendered":"<p><img fetchpriority=\"high\" decoding=\"async\" class=\"aligncenter\" src=\"https:\/\/ogimg.infoglobo.com.br\/economia\/24523323-bc5-55c\/FT1086A\/652\/xauxilio-0506.jpg.pagespeed.ic.WHPyKSdWv9.jpg\" alt=\"Aux\u00edlio emergencial: segundo ciclo de pagamentos come\u00e7a nesta sexta-feira -  Jornal O Globo\" width=\"498\" height=\"299\" \/><\/p>\n<p style=\"text-align: justify;\"><span style=\"font-size: 14pt;\">O presidente Jair Bolsonaro falou novamente nesta sexta-feira (28) que o aux\u00edlio emergencial deve ser um benef\u00edcio provis\u00f3rio. De acordo com ele, a prorroga\u00e7\u00e3o do aux\u00edlio deve ter parcelas abaixo de R$ 600.<\/span><\/p>\n<p style=\"text-align: justify;\"><span style=\"font-size: 14pt;\">&#8220;Isso n\u00e3o \u00e9 aposentadoria, \u00e9 uma ajuda emergencial. Eu sei que \u00e9 pouco para quem recebe, mas ajuda, \u00e9 melhor do que nada&#8221;, disse o presidente.<\/span><\/p>\n<p style=\"text-align: justify;\"><span style=\"font-size: 14pt;\">O presidente tamb\u00e9m reclamou de apoiadores que questionam a redu\u00e7\u00e3o do benef\u00edcio e disse que est\u00e1 &#8220;carregando uma cruz muito pesada&#8221;. Segundo ele, as parcelas devem ficar entre os R$ 200, que foram sugeridos pela equipe econ\u00f4mica, e R$ 600.<\/span><\/p>\n<p style=\"text-align: justify;\"><span style=\"font-size: 14pt;\">&#8220;Voc\u00ea v\u00ea, n\u00f3s colocamos aux\u00edlio emergencial por tr\u00eas meses, tem cara que reclama que \u00e9 pouco, agora, custa para todo mundo R$ 50 bilh\u00f5es por m\u00eas. Prorrogamos para mais dois, R$ 250 bilh\u00f5es [no total]. A gente prefere at\u00e9 o final do ano uma import\u00e2ncia menor do que R$ 600. Tem cara j\u00e1 reclamando, \u00e9 o tempo todo assim&#8221;, falou Bolsonaro.<\/span><\/p>\n<p style=\"text-align: justify;\"><span style=\"font-size: 14pt;\">Segundo o presidente, o Brasil est\u00e1 &#8220;no limite&#8221; e disse que n\u00e3o sabe o que vai acontecer &#8220;se a economia n\u00e3o pegar&#8221;.<\/span><\/p>\n","protected":false},"excerpt":{"rendered":"<p>O presidente Jair Bolsonaro falou novamente nesta sexta-feira (28) que o aux&iacute;lio emergencial deve ser um benef&iacute;cio provis&oacute;rio. De acordo com ele, a prorroga&ccedil;&atilde;o do aux&iacute;lio deve ter parcelas abaixo de R$ 600. &ldquo;Isso n&atilde;o &eacute; aposentadoria, &eacute; uma ajuda emergencial. Eu sei que &eacute; pouco para quem recebe, mas ajuda, &eacute; melhor do que &#8230; <a title=\"Bolsonaro diz que prorroga\u00e7\u00e3o do aux\u00edlio emergencial deve ter valor entre R$ 200 e R$ 600\" class=\"read-more\" href=\"https:\/\/afogadosonline.com.br\/index.php\/2020\/08\/28\/bolsonaro-diz-que-prorrogacao-do-auxilio-emergencial-deve-ter-valor-entre-r-200-e-r-600\/\" aria-label=\"Read more about Bolsonaro diz que prorroga\u00e7\u00e3o do aux\u00edlio emergencial deve ter valor entre R$ 200 e R$ 600\">Ler mais<\/a><\/p>\n","protected":false},"author":2,"featured_media":0,"comment_status":"open","ping_status":"open","sticky":false,"template":"","format":"standard","meta":{"footnotes":""},"categories":[2],"tags":[],"class_list":["post-18057","post","type-post","status-publish","format-standard","hentry","category-uncategorised"],"_links":{"self":[{"href":"https:\/\/afogadosonline.com.br\/index.php\/wp-json\/wp\/v2\/posts\/18057"}],"collection":[{"href":"https:\/\/afogadosonline.com.br\/index.php\/wp-json\/wp\/v2\/posts"}],"about":[{"href":"https:\/\/afogadosonline.com.br\/index.php\/wp-json\/wp\/v2\/types\/post"}],"author":[{"embeddable":true,"href":"https:\/\/afogadosonline.com.br\/index.php\/wp-json\/wp\/v2\/users\/2"}],"replies":[{"embeddable":true,"href":"https:\/\/afogadosonline.com.br\/index.php\/wp-json\/wp\/v2\/comments?post=18057"}],"version-history":[{"count":1,"href":"https:\/\/afogadosonline.com.br\/index.php\/wp-json\/wp\/v2\/posts\/18057\/revisions"}],"predecessor-version":[{"id":18058,"href":"https:\/\/afogadosonline.com.br\/index.php\/wp-json\/wp\/v2\/posts\/18057\/revisions\/18058"}],"wp:attachment":[{"href":"https:\/\/afogadosonline.com.br\/index.php\/wp-json\/wp\/v2\/media?parent=18057"}],"wp:term":[{"taxonomy":"category","embeddable":true,"href":"https:\/\/afogadosonline.com.br\/index.php\/wp-json\/wp\/v2\/categories?post=18057"},{"taxonomy":"post_tag","embeddable":true,"href":"https:\/\/afogadosonline.com.br\/index.php\/wp-json\/wp\/v2\/tags?post=18057"}],"curies":[{"name":"wp","href":"https:\/\/api.w.org\/{rel}","templated":true}]}}